{"id":10123,"date":"2021-09-27T18:45:20","date_gmt":"2021-09-27T18:45:20","guid":{"rendered":"http:\/\/staging.ibermusicas.org\/?p=10123"},"modified":"2021-09-27T18:45:20","modified_gmt":"2021-09-27T18:45:20","slug":"fabricio-panki-breventano-de-uruguay-lanza-en-las-redes-el-videoclip-de-la-del-20-una-de-las-canciones-ganadoras-del-vii-concurso-de-creacion-de-cancion-ibermusica","status":"publish","type":"post","link":"http:\/\/staging.ibermusicas.org\/index.php\/fabricio-panki-breventano-de-uruguay-lanza-en-las-redes-el-videoclip-de-la-del-20-una-de-las-canciones-ganadoras-del-vii-concurso-de-creacion-de-cancion-ibermusica\/","title":{"rendered":"Fabricio \u201cPanki\u201d Breventano de Uruguay lanza en las redes el videoclip de \u201cLa del 20\u201d, una de las canciones ganadoras del VII Concurso de Creaci\u00f3n de Canci\u00f3n Iberm\u00fasicas"},"content":{"rendered":"<p>Fabricio \u201cPanki\u201d Breventano es guitarrista, compositor y cantor uruguayo. Nacido en Salto, ciudad del litoral en la que se da la mixtura de lo inmigrante, lo originario y lo afro, cosa que Fabricio lleva consigo, no s\u00f3lo en su sangre, sino tambi\u00e9n en su m\u00fasica. Su repertorio transita lo urbano y lo rural de manera org\u00e1nica, invitando al oyente a compartir las historias y personajes que habitan sus canciones.<\/p>\n<p>Fabricio, es por excelencia un frontman y un m\u00fasico ecl\u00e9ctico con una formaci\u00f3n fuertemente autodidacta que le permite transitar c\u00f3modamente la milonga, la murga, el tango, el candombe, el folclore y el rock.<\/p>\n<p>\u201cTen\u00eda una idea sobre un tango que hiciera referencia a un momento hist\u00f3rico del siglo XXI y compararlo con algunos hechos relevantes del siglo anterior; pero apenas me puse a escribir surgi\u00f3 esta letra casi de un tir\u00f3n. Y el t\u00edtulo hace referencia a un dicho que tenemos nosotros los uruguayos, \u201c\u00bfQu\u00e9, me quer\u00e9s hacer la del 30?\u201d Cuestiones futboleras. En este caso, \u201cLa del 20\u201d, de alguna manera est\u00e1 diciendo que te prepares porque se viene una d\u00e9cada rara y bastante diferente a lo que ven\u00edamos acostumbrados\u201d.<\/p>\n<p>Con la participaci\u00f3n de Fabricio \u201cPanki\u201d Breventano, Marco Bortolotti, Sebasti\u00e1n Gonz\u00e1lez y Juli\u00e1n Cicerchia. Grabaci\u00f3n, edici\u00f3n y mezcla a cargo de Renzo Alber\u00e1 en Estudios Penny Lane, Rosario y masterizado por Carlos Altoaguirre en Estudios Penny Lane, Rosario. Con producci\u00f3n general de Camiletti \/ Breventano y animaci\u00f3n de Facundo Vitiello.<\/p>\n<p>Ver video en\u00a0<a href=\"https:\/\/lt.mydplr.com\/c520d3d09da6f7ad8167d4f8644a080f-81868bec073b3970fa62af291f12b42d\" target=\"_blank\" rel=\"noopener\" data-saferedirecturl=\"https:\/\/www.google.com\/url?hl=es&amp;q=https:\/\/lt.mydplr.com\/c520d3d09da6f7ad8167d4f8644a080f-81868bec073b3970fa62af291f12b42d&amp;source=gmail&amp;ust=1632852414599000&amp;usg=AFQjCNHeMu-Acw6qt7e8RqPXp4bvGRgd8A\">youtube.com<\/a><\/p>\n","protected":false},"excerpt":{"rendered":"<p>Fabricio \u201cPanki\u201d Breventano es guitarrista, compositor y cantor uruguayo. Nacido en Salto, ciudad del litoral en la que se da la mixtura de lo inmigrante, lo originario y lo afro, cosa que Fabricio lleva consigo, no s\u00f3lo en su sangre, sino tambi\u00e9n en su m\u00fasica. Su repertorio transita lo urbano y lo rural de manera [&hellip;]<\/p>\n","protected":false},"author":1,"featured_media":10124,"comment_status":"closed","ping_status":"closed","sticky":false,"template":"","format":"standard","meta":{"footnotes":""},"categories":[53],"tags":[],"class_list":["post-10123","post","type-post","status-publish","format-standard","has-post-thumbnail","hentry","category-noticias-generales"],"lang":"es","translations":{"es":10123,"pt":10126},"pll_sync_post":[],"post_mailing_queue_ids":[],"_links":{"self":[{"href":"http:\/\/staging.ibermusicas.org\/index.php\/wp-json\/wp\/v2\/posts\/10123","targetHints":{"allow":["GET"]}}],"collection":[{"href":"http:\/\/staging.ibermusicas.org\/index.php\/wp-json\/wp\/v2\/posts"}],"about":[{"href":"http:\/\/staging.ibermusicas.org\/index.php\/wp-json\/wp\/v2\/types\/post"}],"author":[{"embeddable":true,"href":"http:\/\/staging.ibermusicas.org\/index.php\/wp-json\/wp\/v2\/users\/1"}],"replies":[{"embeddable":true,"href":"http:\/\/staging.ibermusicas.org\/index.php\/wp-json\/wp\/v2\/comments?post=10123"}],"version-history":[{"count":1,"href":"http:\/\/staging.ibermusicas.org\/index.php\/wp-json\/wp\/v2\/posts\/10123\/revisions"}],"predecessor-version":[{"id":10125,"href":"http:\/\/staging.ibermusicas.org\/index.php\/wp-json\/wp\/v2\/posts\/10123\/revisions\/10125"}],"wp:featuredmedia":[{"embeddable":true,"href":"http:\/\/staging.ibermusicas.org\/index.php\/wp-json\/wp\/v2\/media\/10124"}],"wp:attachment":[{"href":"http:\/\/staging.ibermusicas.org\/index.php\/wp-json\/wp\/v2\/media?parent=10123"}],"wp:term":[{"taxonomy":"category","embeddable":true,"href":"http:\/\/staging.ibermusicas.org\/index.php\/wp-json\/wp\/v2\/categories?post=10123"},{"taxonomy":"post_tag","embeddable":true,"href":"http:\/\/staging.ibermusicas.org\/index.php\/wp-json\/wp\/v2\/tags?post=10123"}],"curies":[{"name":"wp","href":"https:\/\/api.w.org\/{rel}","templated":true}]}}