{"id":10126,"date":"2021-09-27T18:46:41","date_gmt":"2021-09-27T18:46:41","guid":{"rendered":"http:\/\/staging.ibermusicas.org\/?p=10126"},"modified":"2021-09-27T18:46:41","modified_gmt":"2021-09-27T18:46:41","slug":"fabricio-panki-breventano-do-uruguai-lanca-nas-redes-o-videoclipe-de-a-de-20-uma-das-cancoes-ganhadoras-do-vii-concurso-de-criacao-de-cancao-ibermusicas","status":"publish","type":"post","link":"http:\/\/staging.ibermusicas.org\/index.php\/fabricio-panki-breventano-do-uruguai-lanca-nas-redes-o-videoclipe-de-a-de-20-uma-das-cancoes-ganhadoras-do-vii-concurso-de-criacao-de-cancao-ibermusicas\/","title":{"rendered":"Fabricio \u00abPanki\u00bb Breventano do Uruguai lan\u00e7a nas redes o videoclipe de \u00abA de 20\u00bb, uma das can\u00e7\u00f5es ganhadoras do VII Concurso de Cria\u00e7\u00e3o de Can\u00e7\u00e3o Iberm\u00fasicas"},"content":{"rendered":"<p>Fabricio \u00abPanki\u00bb Breventano \u00e9 guitarrista, compositor e cantor uruguaio. Nascido em Salto, cidade do litoral na qual se d\u00e1 a mixtura do imigrante, o origin\u00e1rio e o afro, coisa que Fabricio leva consigo, n\u00e3o s\u00f3 em seu sangue, mas tamb\u00e9m em sua m\u00fasica. Seu repert\u00f3rio transita o urbano e o rural de maneira org\u00e2nica, convidando o ouvinte a compartilhar as hist\u00f3rias e personagens que habitam suas can\u00e7\u00f5es.<\/p>\n<p>Fabricio, \u00e9 por excel\u00eancia um frontman e um m\u00fasico ecl\u00e9tico com uma forma\u00e7\u00e3o fortemente autodidata que lhe permite transitar comodamente a milonga, a murga, o tango, o candombe, o folclore e o rock.<\/p>\n<p>\u00abTive uma id\u00e9ia sobre um tango que fizesse refer\u00eancia a um momento hist\u00f3rico do s\u00e9culo XXI e compar\u00e1-lo com alguns fatos relevantes do s\u00e9culo anterior; mas apenas me pus a escrever surgiu esta letra quase de um pux\u00e3o. E o t\u00edtulo refere-se a um ditado que n\u00f3s, os uruguaios, temos: \u00abO que, voc\u00ea quer que eu fa\u00e7a a do 30?\u00bb Quest\u00f5es do futebol. Neste caso, \u00abA de 20&#8243;, de alguma forma est\u00e1 dizendo para se preparar porque vem uma d\u00e9cada estranha e bastante diferente do que v\u00ednhamos acostumados\u00bb.<\/p>\n<p>Apresentando Fabricio \u00abPanki\u00bb Breventano, Marco Bortolotti, Sebasti\u00e1n Gonz\u00e1lez e Juli\u00e1n Cicerchia. Grava\u00e7\u00e3o, edi\u00e7\u00e3o e mistura por Renzo Alber\u00e1 em Studios Penny Lane, Ros\u00e1rio e masterizado por Carlos Altoaguirre em Studios Penny Lane, Rosario. Com produ\u00e7\u00e3o geral de Camiletti \/ Breventano e anima\u00e7\u00e3o de Facundo Vitiello.<\/p>\n<p>Ver video em\u00a0<a href=\"https:\/\/lt.mydplr.com\/c520d3d09da6f7ad8167d4f8644a080f-81868bec073b3970fa62af291f12b42d\" target=\"_blank\" rel=\"noopener\" data-saferedirecturl=\"https:\/\/www.google.com\/url?hl=es&amp;q=https:\/\/lt.mydplr.com\/c520d3d09da6f7ad8167d4f8644a080f-81868bec073b3970fa62af291f12b42d&amp;source=gmail&amp;ust=1632852414599000&amp;usg=AFQjCNHeMu-Acw6qt7e8RqPXp4bvGRgd8A\">youtube.com<\/a><\/p>\n","protected":false},"excerpt":{"rendered":"<p>Fabricio \u00abPanki\u00bb Breventano \u00e9 guitarrista, compositor e cantor uruguaio. Nascido em Salto, cidade do litoral na qual se d\u00e1 a mixtura do imigrante, o origin\u00e1rio e o afro, coisa que Fabricio leva consigo, n\u00e3o s\u00f3 em seu sangue, mas tamb\u00e9m em sua m\u00fasica. Seu repert\u00f3rio transita o urbano e o rural de maneira org\u00e2nica, convidando [&hellip;]<\/p>\n","protected":false},"author":1,"featured_media":10124,"comment_status":"closed","ping_status":"closed","sticky":false,"template":"","format":"standard","meta":{"footnotes":""},"categories":[218],"tags":[],"class_list":["post-10126","post","type-post","status-publish","format-standard","has-post-thumbnail","hentry","category-noticias-generales-pt"],"lang":"pt","translations":{"pt":10126,"es":10123},"pll_sync_post":[],"post_mailing_queue_ids":[],"_links":{"self":[{"href":"http:\/\/staging.ibermusicas.org\/index.php\/wp-json\/wp\/v2\/posts\/10126","targetHints":{"allow":["GET"]}}],"collection":[{"href":"http:\/\/staging.ibermusicas.org\/index.php\/wp-json\/wp\/v2\/posts"}],"about":[{"href":"http:\/\/staging.ibermusicas.org\/index.php\/wp-json\/wp\/v2\/types\/post"}],"author":[{"embeddable":true,"href":"http:\/\/staging.ibermusicas.org\/index.php\/wp-json\/wp\/v2\/users\/1"}],"replies":[{"embeddable":true,"href":"http:\/\/staging.ibermusicas.org\/index.php\/wp-json\/wp\/v2\/comments?post=10126"}],"version-history":[{"count":1,"href":"http:\/\/staging.ibermusicas.org\/index.php\/wp-json\/wp\/v2\/posts\/10126\/revisions"}],"predecessor-version":[{"id":10127,"href":"http:\/\/staging.ibermusicas.org\/index.php\/wp-json\/wp\/v2\/posts\/10126\/revisions\/10127"}],"wp:featuredmedia":[{"embeddable":true,"href":"http:\/\/staging.ibermusicas.org\/index.php\/wp-json\/wp\/v2\/media\/10124"}],"wp:attachment":[{"href":"http:\/\/staging.ibermusicas.org\/index.php\/wp-json\/wp\/v2\/media?parent=10126"}],"wp:term":[{"taxonomy":"category","embeddable":true,"href":"http:\/\/staging.ibermusicas.org\/index.php\/wp-json\/wp\/v2\/categories?post=10126"},{"taxonomy":"post_tag","embeddable":true,"href":"http:\/\/staging.ibermusicas.org\/index.php\/wp-json\/wp\/v2\/tags?post=10126"}],"curies":[{"name":"wp","href":"https:\/\/api.w.org\/{rel}","templated":true}]}}