{"id":10132,"date":"2021-09-27T19:05:50","date_gmt":"2021-09-27T19:05:50","guid":{"rendered":"http:\/\/staging.ibermusicas.org\/?p=10132"},"modified":"2021-09-27T19:05:50","modified_gmt":"2021-09-27T19:05:50","slug":"com-a-presenca-de-artistas-de-seis-paises-ibero-americanos-chega-o-festival-conexao-sonica","status":"publish","type":"post","link":"http:\/\/staging.ibermusicas.org\/index.php\/com-a-presenca-de-artistas-de-seis-paises-ibero-americanos-chega-o-festival-conexao-sonica\/","title":{"rendered":"Com a presen\u00e7a de artistas de seis pa\u00edses ibero-americanos, chega o festival \u00abConex\u00e3o S\u00f4nica\u00bb"},"content":{"rendered":"<p>\u00abConex\u00e3o S\u00f4nica\u00bb \u00e9 um festival virtual pensado para descobrir m\u00fasicas que fundem a heran\u00e7a cultural ancestral da Am\u00e9rica Latina com express\u00f5es contempor\u00e2neas. Ser\u00e3o sete docu-concertos onde al\u00e9m da m\u00fasica, os int\u00e9rpretes explicar\u00e3o as origens dos instrumentos e os contextos sociais onde estas m\u00fasicas se desenvolvem.<\/p>\n<p>Al\u00e9m da mistura de g\u00eaneros musicais, \u00abConex\u00e3o S\u00f4nica\u00bb aponta \u00e0 fus\u00e3o de temporalidades, de per\u00edodos hist\u00f3ricos e de di\u00e1logos culturais intergeracionais.<\/p>\n<p>Este evento recebeu cinco apoios da Iberm\u00fasicas na linha de ajudas ao setor musical em modalidade virtual desde cinco pa\u00edses integrantes do programa (Paraguai, Chile, Col\u00f4mbia, Costa Rica e Panam\u00e1).<\/p>\n<p>Programa\u00e7\u00e3o:<\/p>\n<p>\u2022 R\u00e1dio Cutipa (Bol\u00edvia)<br \/>\n\u2022 Pedro Mart\u00ednez y Sixto Corbal\u00e1n (Paraguai)<br \/>\n\u2022 La Tribu (Panam\u00e1)<br \/>\n\u2022 Phonocl\u00f3rica (Col\u00f4mbia)<br \/>\n\u2022 Rombos (Costa Rica)<br \/>\n\u2022 Numano Suto (Col\u00f4mbia)<br \/>\n\u2022 Entrama (Chile)<br \/>\nDe 20 a 26 de Setembro<\/p>\n<p>18 hs. (Costa Rica, El Salvador, Guatemala, Honduras)<br \/>\n19 hs. (M\u00e9xico, Panam\u00e1, Col\u00f4mbia, Equador, Peru)<br \/>\n20 hs. (Bol\u00edvia, Chile, Paraguai)<br \/>\n21 hs. (Argentina, Brasil, Uruguai)<\/p>\n","protected":false},"excerpt":{"rendered":"<p>\u00abConex\u00e3o S\u00f4nica\u00bb \u00e9 um festival virtual pensado para descobrir m\u00fasicas que fundem a heran\u00e7a cultural ancestral da Am\u00e9rica Latina com express\u00f5es contempor\u00e2neas. Ser\u00e3o sete docu-concertos onde al\u00e9m da m\u00fasica, os int\u00e9rpretes explicar\u00e3o as origens dos instrumentos e os contextos sociais onde estas m\u00fasicas se desenvolvem. Al\u00e9m da mistura de g\u00eaneros musicais, \u00abConex\u00e3o S\u00f4nica\u00bb aponta \u00e0 [&hellip;]<\/p>\n","protected":false},"author":1,"featured_media":10130,"comment_status":"closed","ping_status":"closed","sticky":false,"template":"","format":"standard","meta":{"footnotes":""},"categories":[218],"tags":[],"class_list":["post-10132","post","type-post","status-publish","format-standard","has-post-thumbnail","hentry","category-noticias-generales-pt"],"lang":"pt","translations":{"pt":10132,"es":10128},"pll_sync_post":[],"post_mailing_queue_ids":[],"_links":{"self":[{"href":"http:\/\/staging.ibermusicas.org\/index.php\/wp-json\/wp\/v2\/posts\/10132","targetHints":{"allow":["GET"]}}],"collection":[{"href":"http:\/\/staging.ibermusicas.org\/index.php\/wp-json\/wp\/v2\/posts"}],"about":[{"href":"http:\/\/staging.ibermusicas.org\/index.php\/wp-json\/wp\/v2\/types\/post"}],"author":[{"embeddable":true,"href":"http:\/\/staging.ibermusicas.org\/index.php\/wp-json\/wp\/v2\/users\/1"}],"replies":[{"embeddable":true,"href":"http:\/\/staging.ibermusicas.org\/index.php\/wp-json\/wp\/v2\/comments?post=10132"}],"version-history":[{"count":1,"href":"http:\/\/staging.ibermusicas.org\/index.php\/wp-json\/wp\/v2\/posts\/10132\/revisions"}],"predecessor-version":[{"id":10133,"href":"http:\/\/staging.ibermusicas.org\/index.php\/wp-json\/wp\/v2\/posts\/10132\/revisions\/10133"}],"wp:featuredmedia":[{"embeddable":true,"href":"http:\/\/staging.ibermusicas.org\/index.php\/wp-json\/wp\/v2\/media\/10130"}],"wp:attachment":[{"href":"http:\/\/staging.ibermusicas.org\/index.php\/wp-json\/wp\/v2\/media?parent=10132"}],"wp:term":[{"taxonomy":"category","embeddable":true,"href":"http:\/\/staging.ibermusicas.org\/index.php\/wp-json\/wp\/v2\/categories?post=10132"},{"taxonomy":"post_tag","embeddable":true,"href":"http:\/\/staging.ibermusicas.org\/index.php\/wp-json\/wp\/v2\/tags?post=10132"}],"curies":[{"name":"wp","href":"https:\/\/api.w.org\/{rel}","templated":true}]}}