{"id":10134,"date":"2021-09-27T19:06:54","date_gmt":"2021-09-27T19:06:54","guid":{"rendered":"http:\/\/staging.ibermusicas.org\/?p=10134"},"modified":"2021-09-27T19:06:54","modified_gmt":"2021-09-27T19:06:54","slug":"llega-una-nueva-edicion-del-encuentro-internacional-de-joropo-en-buenos-aires-argentina-donde-los-llanos-se-enlazan","status":"publish","type":"post","link":"http:\/\/staging.ibermusicas.org\/index.php\/llega-una-nueva-edicion-del-encuentro-internacional-de-joropo-en-buenos-aires-argentina-donde-los-llanos-se-enlazan\/","title":{"rendered":"Llega una nueva edici\u00f3n del Encuentro Internacional de Joropo en Buenos Aires &#8211; Argentina \u201cDonde los llanos se enlazan\u201d"},"content":{"rendered":"<p>Con siete jornadas de conciertos, talleres, charlas y presentaciones de baile tendr\u00e1 lugar la IV edici\u00f3n del festival que se transmitir\u00e1 en vivo de manera gratuita por las cuentas oficiales de Facebook y YouTube del Encuentro.<\/p>\n<p>Entre las actividades de este a\u00f1o se destacan: Concierto de apertura \u201cEl llano canta y cuenta\u201d que busca resaltar la diversidad natural, cultural y geogr\u00e1fica de los territorios que abarcan los llanos de Venezuela y Colombia a trav\u00e9s de su m\u00fasica, flora, fauna y geograf\u00eda. Concierto \u201cMujeres. De temples y llanos\u201d, un espacio que rinde homenaje a las identidades femeninas para resaltar y contar desde el Joropo llanero, la historia de mujeres que han abierto el camino para s\u00ed mismas y para otras. Concierto \u201cLas melod\u00edas de mi pueblo\u201d, un acercamiento a los escenarios cotidianos de la m\u00fasica en sus territorios tradicionales. \u201cD\u00e1ndole cuerda a mi vitrola\u201d, es una tertulia para acercarse a trav\u00e9s de la escucha de discos de vinilo y otros formatos poco difundidos en la era digital, al rico panorama de registros, texturas, colores y lenguajes que existe en la historia del Joropo llanero. El Concierto de cierre \u201cEl joropo nos une\u201d expresar\u00e1 que m\u00e1s all\u00e1 de nuestras procedencias e identidades diversas, podemos hallar en este g\u00e9nero musical un lugar en com\u00fan que nos permita celebrar la unidad y la integraci\u00f3n. Adem\u00e1s, entrevistas, charlas y talleres complementan la nutrida programaci\u00f3n del 2021.<\/p>\n<p>El evento que por segundo a\u00f1o se realiza de manera virtual, reunir\u00e1 a m\u00e1s de 100 artistas entre m\u00fasicos\/as\/xs, bailarines\/as\/xs e investigadores\/as\/xs de Colombia, Venezuela, Argentina, Chile, Espa\u00f1a, Suiza, Reino Unido y Jap\u00f3n para celebrar la diversidad musical, cultural e identitaria que se construye con el Joropo Llanero por medio de la consigna \u201cEl Joropo nos une\u201d.<\/p>\n<p>El EIJLL es organizado por CAMORUCO, un equipo dedicado al estudio e interpretaci\u00f3n y difusi\u00f3n de la m\u00fasica llanera que trabaja desde la capital argentina en el marco de la organizaci\u00f3n SONORA. Viene llevando a cabo su tarea desde hace cinco a\u00f1os en un constante esfuerzo por abrirle paso a este g\u00e9nero musical fuera de sus fronteras de origen.<\/p>\n<p>Del 19 al 25 de septiembre en Youtube: Encuentro Internacional de Joropo, en Facebook: encuentro.joropoenbsas, en Instragram: encuentro.joropoenbsas<\/p>\n<p><a href=\"https:\/\/lt.mydplr.com\/c520d3d09da6f7ad8167d4f8644a080f-81868bec073b3970fa62af291f12b42d\" target=\"_blank\" rel=\"noopener\" data-saferedirecturl=\"https:\/\/www.google.com\/url?hl=es&amp;q=https:\/\/lt.mydplr.com\/c520d3d09da6f7ad8167d4f8644a080f-81868bec073b3970fa62af291f12b42d&amp;source=gmail&amp;ust=1632852414599000&amp;usg=AFQjCNHeMu-Acw6qt7e8RqPXp4bvGRgd8A\">youtube.com<\/a><\/p>\n","protected":false},"excerpt":{"rendered":"<p>Con siete jornadas de conciertos, talleres, charlas y presentaciones de baile tendr\u00e1 lugar la IV edici\u00f3n del festival que se transmitir\u00e1 en vivo de manera gratuita por las cuentas oficiales de Facebook y YouTube del Encuentro. Entre las actividades de este a\u00f1o se destacan: Concierto de apertura \u201cEl llano canta y cuenta\u201d que busca resaltar [&hellip;]<\/p>\n","protected":false},"author":1,"featured_media":10135,"comment_status":"closed","ping_status":"closed","sticky":false,"template":"","format":"standard","meta":{"footnotes":""},"categories":[53],"tags":[],"class_list":["post-10134","post","type-post","status-publish","format-standard","has-post-thumbnail","hentry","category-noticias-generales"],"lang":"es","translations":{"es":10134,"pt":10137},"pll_sync_post":[],"post_mailing_queue_ids":[],"_links":{"self":[{"href":"http:\/\/staging.ibermusicas.org\/index.php\/wp-json\/wp\/v2\/posts\/10134","targetHints":{"allow":["GET"]}}],"collection":[{"href":"http:\/\/staging.ibermusicas.org\/index.php\/wp-json\/wp\/v2\/posts"}],"about":[{"href":"http:\/\/staging.ibermusicas.org\/index.php\/wp-json\/wp\/v2\/types\/post"}],"author":[{"embeddable":true,"href":"http:\/\/staging.ibermusicas.org\/index.php\/wp-json\/wp\/v2\/users\/1"}],"replies":[{"embeddable":true,"href":"http:\/\/staging.ibermusicas.org\/index.php\/wp-json\/wp\/v2\/comments?post=10134"}],"version-history":[{"count":1,"href":"http:\/\/staging.ibermusicas.org\/index.php\/wp-json\/wp\/v2\/posts\/10134\/revisions"}],"predecessor-version":[{"id":10136,"href":"http:\/\/staging.ibermusicas.org\/index.php\/wp-json\/wp\/v2\/posts\/10134\/revisions\/10136"}],"wp:featuredmedia":[{"embeddable":true,"href":"http:\/\/staging.ibermusicas.org\/index.php\/wp-json\/wp\/v2\/media\/10135"}],"wp:attachment":[{"href":"http:\/\/staging.ibermusicas.org\/index.php\/wp-json\/wp\/v2\/media?parent=10134"}],"wp:term":[{"taxonomy":"category","embeddable":true,"href":"http:\/\/staging.ibermusicas.org\/index.php\/wp-json\/wp\/v2\/categories?post=10134"},{"taxonomy":"post_tag","embeddable":true,"href":"http:\/\/staging.ibermusicas.org\/index.php\/wp-json\/wp\/v2\/tags?post=10134"}],"curies":[{"name":"wp","href":"https:\/\/api.w.org\/{rel}","templated":true}]}}