{"id":10137,"date":"2021-09-27T19:07:52","date_gmt":"2021-09-27T19:07:52","guid":{"rendered":"http:\/\/staging.ibermusicas.org\/?p=10137"},"modified":"2021-09-27T19:07:52","modified_gmt":"2021-09-27T19:07:52","slug":"chega-uma-nova-edicao-do-encontro-internacional-de-joropo-em-buenos-aires-argentina-onde-as-planicies-se-unem","status":"publish","type":"post","link":"http:\/\/staging.ibermusicas.org\/index.php\/chega-uma-nova-edicao-do-encontro-internacional-de-joropo-em-buenos-aires-argentina-onde-as-planicies-se-unem\/","title":{"rendered":"Chega uma nova edi\u00e7\u00e3o do Encontro Internacional de Joropo em Buenos Aires &#8211; Argentina \u00abOnde as plan\u00edcies se unem\u00bb"},"content":{"rendered":"<p>Com sete jornadas de concertos, oficinas, palestras e apresenta\u00e7\u00f5es de dan\u00e7a ter\u00e1 lugar a IV edi\u00e7\u00e3o do festival que ser\u00e1 transmitida ao vivo de maneira gratuita pelas contas oficiais do Facebook e YouTube do Encontro.<\/p>\n<p>Entre as atividades deste ano destacam-se: Concerto de abertura \u00abA plan\u00edcie canta y conta\u00bb que busca destacar a diversidade natural, cultural e geogr\u00e1fica dos territ\u00f3rios que abarcam as plan\u00edcies da Venezuela e da Col\u00f4mbia atrav\u00e9s de sua m\u00fasica, flora, fauna e geografia. Concerto \u00abAs Mulheres. De Temples e plan\u00edcies\u00bb, um espa\u00e7o que presta homenagem \u00e0s identidades femininas para destacar e contar desde o Joropo llanero, a hist\u00f3ria de mulheres que abriram o caminho para si mesmas e para outras. Concerto \u00abAs melodias de meu povo\u00bb, uma aproxima\u00e7\u00e3o aos cen\u00e1rios cotidianos da m\u00fasica em seus territ\u00f3rios tradicionais. \u00abDando corda a minha vitrola\u00bb, \u00e9 uma tertulia para aproximar-se atrav\u00e9s da escuta de discos de vinilo e outros formatos pouco difundidos na era digital, ao rico panorama de registros, texturas, cores e linguagens que existe na hist\u00f3ria do Joropo llanero. O Concerto de encerramento \u00abO joropo nos une\u00bb expressar\u00e1 que al\u00e9m de nossas proced\u00eancias e identidades diversas, podemos encontrar neste g\u00eanero musical um lugar em comum que nos permita celebrar a unidade e a integra\u00e7\u00e3o. Al\u00e9m disso, entrevistas, palestras e workshops complementam a extensa programa\u00e7\u00e3o de 2021.<\/p>\n<p>O evento que pelo segundo ano se realiza de maneira virtual, reunir\u00e1 mais de 100 artistas entre m\u00fasicos\/as\/xs, bailarinos\/as\/xs e pesquisadores\/as\/xs da Col\u00f4mbia, Venezuela, Argentina, Chile, Espanha, Su\u00ed\u00e7a, Reino Unido e Jap\u00e3o para celebrar a diversidade musical, cultural e identit\u00e1ria que se constr\u00f3i com o Joropo Llanero por meio da consigna \u00abO Joropo nos une\u00bb.<\/p>\n<p>O encontro \u00e9 organizado pela CAMORUCO, uma equipa dedicada ao estudo e interpreta\u00e7\u00e3o e difus\u00e3o da m\u00fasica llanera que trabalha a partir da capital argentina no marco da organiza\u00e7\u00e3o SONORA. Vem realizando sua tarefa h\u00e1 cinco anos em um esfor\u00e7o constante para abrir caminho para este g\u00eanero musical fora de suas fronteiras de origem.<\/p>\n<p>De 19 a 25 de setembro no Youtube: : Encuentro Internacional de Joropo, no Facebook: encuentro.joropoenbsas, no Instragram: encuentro.joropoenbsas<\/p>\n<p><a href=\"https:\/\/lt.mydplr.com\/c520d3d09da6f7ad8167d4f8644a080f-81868bec073b3970fa62af291f12b42d\" target=\"_blank\" rel=\"noopener\" data-saferedirecturl=\"https:\/\/www.google.com\/url?hl=es&amp;q=https:\/\/lt.mydplr.com\/c520d3d09da6f7ad8167d4f8644a080f-81868bec073b3970fa62af291f12b42d&amp;source=gmail&amp;ust=1632852414599000&amp;usg=AFQjCNHeMu-Acw6qt7e8RqPXp4bvGRgd8A\">youtube.com<\/a><\/p>\n","protected":false},"excerpt":{"rendered":"<p>Com sete jornadas de concertos, oficinas, palestras e apresenta\u00e7\u00f5es de dan\u00e7a ter\u00e1 lugar a IV edi\u00e7\u00e3o do festival que ser\u00e1 transmitida ao vivo de maneira gratuita pelas contas oficiais do Facebook e YouTube do Encontro. Entre as atividades deste ano destacam-se: Concerto de abertura \u00abA plan\u00edcie canta y conta\u00bb que busca destacar a diversidade natural, [&hellip;]<\/p>\n","protected":false},"author":1,"featured_media":10135,"comment_status":"closed","ping_status":"closed","sticky":false,"template":"","format":"standard","meta":{"footnotes":""},"categories":[218],"tags":[],"class_list":["post-10137","post","type-post","status-publish","format-standard","has-post-thumbnail","hentry","category-noticias-generales-pt"],"lang":"pt","translations":{"pt":10137,"es":10134},"pll_sync_post":[],"post_mailing_queue_ids":[],"_links":{"self":[{"href":"http:\/\/staging.ibermusicas.org\/index.php\/wp-json\/wp\/v2\/posts\/10137","targetHints":{"allow":["GET"]}}],"collection":[{"href":"http:\/\/staging.ibermusicas.org\/index.php\/wp-json\/wp\/v2\/posts"}],"about":[{"href":"http:\/\/staging.ibermusicas.org\/index.php\/wp-json\/wp\/v2\/types\/post"}],"author":[{"embeddable":true,"href":"http:\/\/staging.ibermusicas.org\/index.php\/wp-json\/wp\/v2\/users\/1"}],"replies":[{"embeddable":true,"href":"http:\/\/staging.ibermusicas.org\/index.php\/wp-json\/wp\/v2\/comments?post=10137"}],"version-history":[{"count":1,"href":"http:\/\/staging.ibermusicas.org\/index.php\/wp-json\/wp\/v2\/posts\/10137\/revisions"}],"predecessor-version":[{"id":10138,"href":"http:\/\/staging.ibermusicas.org\/index.php\/wp-json\/wp\/v2\/posts\/10137\/revisions\/10138"}],"wp:featuredmedia":[{"embeddable":true,"href":"http:\/\/staging.ibermusicas.org\/index.php\/wp-json\/wp\/v2\/media\/10135"}],"wp:attachment":[{"href":"http:\/\/staging.ibermusicas.org\/index.php\/wp-json\/wp\/v2\/media?parent=10137"}],"wp:term":[{"taxonomy":"category","embeddable":true,"href":"http:\/\/staging.ibermusicas.org\/index.php\/wp-json\/wp\/v2\/categories?post=10137"},{"taxonomy":"post_tag","embeddable":true,"href":"http:\/\/staging.ibermusicas.org\/index.php\/wp-json\/wp\/v2\/tags?post=10137"}],"curies":[{"name":"wp","href":"https:\/\/api.w.org\/{rel}","templated":true}]}}