{"id":10142,"date":"2021-09-27T19:11:10","date_gmt":"2021-09-27T19:11:10","guid":{"rendered":"http:\/\/staging.ibermusicas.org\/?p=10142"},"modified":"2021-09-27T19:11:10","modified_gmt":"2021-09-27T19:11:10","slug":"cmmas-do-mexico-finaliza-ciclo-perspectivas-sonoras-2021","status":"publish","type":"post","link":"http:\/\/staging.ibermusicas.org\/index.php\/cmmas-do-mexico-finaliza-ciclo-perspectivas-sonoras-2021\/","title":{"rendered":"CMMAS do M\u00e9xico finaliza ciclo Perspectivas Sonoras 2021"},"content":{"rendered":"<p>Perspectivas Sonoras 2021 \u00e9 uma s\u00e9rie de concertos e confer\u00eancias que acontecem de abril a setembro de 2021 virtualmente pelo Centro Mexicano de M\u00fasica e Artes Sonoras, CMMAS.<\/p>\n<p>Desde a funda\u00e7\u00e3o do Centro Mexicano de M\u00fasica e Artes Sonoras, CMMAS em 2006, um trabalho tem sido feito para contribuir para o desenvolvimento musical e sonoro no M\u00e9xico e internacionalmente. Por meio de seus programas de a\u00e7\u00e3o, incentiva a cria\u00e7\u00e3o, promove e divulga o trabalho de artistas e criadores emergentes mexicanos e estrangeiros com vasta experi\u00eancia; provoca a forma\u00e7\u00e3o de p\u00fablicos por meio de programas para crian\u00e7as e jovens e ao p\u00fablico em geral e contribui para a forma\u00e7\u00e3o especializada em temas atuais e essenciais para a cria\u00e7\u00e3o e o desenvolvimento profissional.<\/p>\n<p>Perspectivas Sonoras continua suas atividades de divulga\u00e7\u00e3o, promo\u00e7\u00e3o e incentivo \u00e0 cria\u00e7\u00e3o musical e sonora, apresentando o trabalho de artistas latino-americanos.<\/p>\n<p>22, 23 e 24 de setembro. Mesas redondas (transmitidas em formato virtual)<\/p>\n<p>\u2022 Mesa 1: O lado B que tamb\u00e9m \u00e9 o lado A. Pioneiras da m\u00fasica eletr\u00f4nica na Am\u00e9rica Latina. Artistas participantes: Ana Mar\u00eda Romano G. (Col\u00f4mbia), Adina Izarra (Venezuela), Alma Laprina (Argentina), Teresa D\u00edaz de Cossio (MX) e Valeria Valles (Chile).<br \/>\n\u2022 Mesa 2: Mulheres em tecnologia: pr\u00e1ticas Transmusicales. Artistas participantes: Nonis Prado (MX), Celeste Betancur (Col\u00f4mbia), Alma Laprida (Argentina), Constanza Pi\u00f1a (Chile) e Emilia Bahamonde (Equador).<br \/>\n\u2022 Mesa 3: O conceitual e o po\u00e9tico nos imagin\u00e1rios sonoros de hoje. Artistas participantes: Luis Jaime Cortez (MX), Jorge Alba (MX), Valeria Jonard (MX) e Edmar Soria (MX).<br \/>\n\u2022 Mesa 4: The contribution of the time-based arts and their technologies to the new \u00abnormal\u00bb. Artistas participantes: Rajmil Fischman (Peru), Nicolas Collins (EUA), Sue Moffat (UK), Victor Lazzarini (Brasil-Irlanda), Mihaela Kelemen (UK) e Damian Kelles (Argentina).<br \/>\n\u2022 Mesa 5: Novos caminhos para a criatividade musical na composi\u00e7\u00e3o e na performance colaborativa. Artistas participantes: Pedro S. Bittencourt (Brasil), Iracema de Andrade (Brasil), Rodrigo Castellanos (Chile) e Nicolas Tzortzis (Gr\u00e9cia).<\/p>\n<p>Datas: 22, 23 e 24 de setembro. Transmiss\u00e3o dos 15 concertos de PERSPECTIVAS SONORAS<\/p>\n<p>\u2022 Concerto virtual Perspectivas Sonoras \/ 1. Artistas: Tonalli R. Nakamura &#8211; Emilio Hdz. C\u00f3rtes (M\u00e9xico)<br \/>\n\u2022 Concerto virtual Perspectivas Sonoras \/ 2. Artista: Jo\u00e3o Pedro Oliveira (Portugal)<br \/>\n\u2022 Concerto virtual Perspectivas Sonoras \/ 3. Artista: Roc\u00edo Yllescas Jacobo (M\u00e9xico)<br \/>\n\u2022 Concerto virtual Perspectivas Sonoras \/ 4. Artistas: \u00d3NIX Ensamble DUPLUM<br \/>\n\u2022 Concerto virtual Perspectivas Sonoras \/ 5. Artistas: Pablo Silva (M\u00e9xico)<br \/>\n\u2022 Concerto virtual Perspectivas Sonoras \/ 6. Artista: \u00d3nix Ensamble (M\u00e9xico)<br \/>\n\u2022 Concerto virtual Perspectivas Sonoras \/ 7. Artista: Salvador Torr\u00e9 (M\u00e9xico)<br \/>\n\u2022 Concerto virtual Perspectivas Sonoras \/ 8. Artistas: Messias Maiguashca (Equador)<br \/>\n\u2022 Concerto virtual Perspectivas Sonoras \/ 9. Artista: Lum\u00ednico (M\u00e9xico)<br \/>\n\u2022 Concerto virtual Perspectivas Sonoras \/ 10. Artista: Doctor Zoppa (Argentina)<br \/>\n\u2022 Concerto virtual Perspectivas Sonoras \/ 11. Artistas: Evelin Ram\u00f3n (Cuba)<br \/>\n\u2022 Concerto virtual Perspectivas Sonoras \/ 12. Artista: Eusebio S\u00e1nchez (M\u00e9xico)<br \/>\n\u2022 Concerto virtual Perspectivas Sonoras \/ 13. Artista: Antonio Isaac G\u00f3mez (M\u00e9xico)<br \/>\n\u2022 Concerto virtual Perspectivas Sonoras \/ 14. Artista: Daniel Quaranta (Brasil)<br \/>\n\u2022 Concerto virtual Perspectivas Sonoras \/ 15. Artista: Du\u00f3 Arsa-Robledo (M\u00e9xico)<\/p>\n<p>Transmiss\u00f5es atrav\u00e9s do canal YouTube do Festival Vis\u00f5es Sonoras:<a href=\"https:\/\/lt.mydplr.com\/bd62440a4722a95429403a4ef47946f0-81868bec073b3970fa62af291f12b42d\" target=\"_blank\" rel=\"noopener\" data-saferedirecturl=\"https:\/\/www.google.com\/url?hl=es&amp;q=https:\/\/lt.mydplr.com\/bd62440a4722a95429403a4ef47946f0-81868bec073b3970fa62af291f12b42d&amp;source=gmail&amp;ust=1632852414599000&amp;usg=AFQjCNFMdeAWuu8-3cWs663Sa8EMjpbE1Q\">\u00a0youtube.com<\/a><\/p>\n","protected":false},"excerpt":{"rendered":"<p>Perspectivas Sonoras 2021 \u00e9 uma s\u00e9rie de concertos e confer\u00eancias que acontecem de abril a setembro de 2021 virtualmente pelo Centro Mexicano de M\u00fasica e Artes Sonoras, CMMAS. Desde a funda\u00e7\u00e3o do Centro Mexicano de M\u00fasica e Artes Sonoras, CMMAS em 2006, um trabalho tem sido feito para contribuir para o desenvolvimento musical e sonoro [&hellip;]<\/p>\n","protected":false},"author":1,"featured_media":10140,"comment_status":"closed","ping_status":"closed","sticky":false,"template":"","format":"standard","meta":{"footnotes":""},"categories":[218],"tags":[],"class_list":["post-10142","post","type-post","status-publish","format-standard","has-post-thumbnail","hentry","category-noticias-generales-pt"],"lang":"pt","translations":{"pt":10142,"es":10139},"pll_sync_post":[],"post_mailing_queue_ids":[],"_links":{"self":[{"href":"http:\/\/staging.ibermusicas.org\/index.php\/wp-json\/wp\/v2\/posts\/10142","targetHints":{"allow":["GET"]}}],"collection":[{"href":"http:\/\/staging.ibermusicas.org\/index.php\/wp-json\/wp\/v2\/posts"}],"about":[{"href":"http:\/\/staging.ibermusicas.org\/index.php\/wp-json\/wp\/v2\/types\/post"}],"author":[{"embeddable":true,"href":"http:\/\/staging.ibermusicas.org\/index.php\/wp-json\/wp\/v2\/users\/1"}],"replies":[{"embeddable":true,"href":"http:\/\/staging.ibermusicas.org\/index.php\/wp-json\/wp\/v2\/comments?post=10142"}],"version-history":[{"count":1,"href":"http:\/\/staging.ibermusicas.org\/index.php\/wp-json\/wp\/v2\/posts\/10142\/revisions"}],"predecessor-version":[{"id":10143,"href":"http:\/\/staging.ibermusicas.org\/index.php\/wp-json\/wp\/v2\/posts\/10142\/revisions\/10143"}],"wp:featuredmedia":[{"embeddable":true,"href":"http:\/\/staging.ibermusicas.org\/index.php\/wp-json\/wp\/v2\/media\/10140"}],"wp:attachment":[{"href":"http:\/\/staging.ibermusicas.org\/index.php\/wp-json\/wp\/v2\/media?parent=10142"}],"wp:term":[{"taxonomy":"category","embeddable":true,"href":"http:\/\/staging.ibermusicas.org\/index.php\/wp-json\/wp\/v2\/categories?post=10142"},{"taxonomy":"post_tag","embeddable":true,"href":"http:\/\/staging.ibermusicas.org\/index.php\/wp-json\/wp\/v2\/tags?post=10142"}],"curies":[{"name":"wp","href":"https:\/\/api.w.org\/{rel}","templated":true}]}}