{"id":10147,"date":"2021-09-27T19:13:40","date_gmt":"2021-09-27T19:13:40","guid":{"rendered":"http:\/\/staging.ibermusicas.org\/?p=10147"},"modified":"2021-09-27T19:13:40","modified_gmt":"2021-09-27T19:13:40","slug":"nathalie-salguero-da-costa-rica-realiza-o-lancamento-de-filhas-da-musica-um-projeto-ibero-americano-pela-equidade-de-genero","status":"publish","type":"post","link":"http:\/\/staging.ibermusicas.org\/index.php\/nathalie-salguero-da-costa-rica-realiza-o-lancamento-de-filhas-da-musica-um-projeto-ibero-americano-pela-equidade-de-genero\/","title":{"rendered":"Nathalie Salguero da Costa Rica realiza o lan\u00e7amento de \u00abFilhas da M\u00fasica\u00bb, um projeto ibero-americano pela equidade de g\u00eanero"},"content":{"rendered":"<p>Em meio ao contexto de pandemia, um grupo de jovens costa-riquenhos gerou a mostra musical \u00abFilhas da M\u00fasica: Compositoras centro-americanas\u00bb com o objetivo de dar a conhecer o universo criativo musical de diferentes compositoras centro-americanas contempor\u00e2neas.<\/p>\n<p>A mostra audiovisual e musical consiste na exposi\u00e7\u00e3o de oito obras centro-americanas de autoria feminina atrav\u00e9s de dois recitais de trinta minutos. As obras ser\u00e3o interpretadas pelo guitarrista costa-riquenho Michael Cruz. A voz estar\u00e1 a cargo da costa-riquenha Nathalie Salguero, que por sua vez faz parte da pesquisa e produ\u00e7\u00e3o pr\u00e9via da mostra.<\/p>\n<p>Filhas da m\u00fasica \u00e9 um projeto que parte das composi\u00e7\u00f5es de sete artistas centro-americanos da classe de Mar\u00eda Pretiz (Costa Rica), Ceshia Ubau (Nicar\u00e1gua), Mercedes Escobar (Guatemala), Patricia Vlieg (Panam\u00e1), Karla Lara (Honduras), bem como compila\u00e7\u00f5es de music\u00f3logas de grande import\u00e2ncia na Am\u00e9rica Central como Maria de Baratta (El Salvador), entre outras grandes figuras contempor\u00e2neas. Cada can\u00e7\u00e3o ser\u00e1 um mini-curto de alta qualidade audiovisual gravado na majestosa diversidade natural da \u00e1rea de Manuel Antonio, Costa Rica.<\/p>\n<p>Ambas as amostras ser\u00e3o apresentadas atrav\u00e9s das plataformas de Vida Pura Produ\u00e7\u00f5es (Michael Mu\u00f1oz e Mariel L\u00f3pez) gestores audiovisuais do projeto, que atualmente est\u00e3o entre os mais vistos na plataforma educativa digital LifemediaGO por seu Document\u00e1rio \u00abCosta Rica: Terra das Tartarugas\u00bb.<\/p>\n<p>Ao mesmo tempo o trabalho estar\u00e1 presente de maneira paulatina em outras plataformas como Youtube, Spotify, e Instagram.<\/p>\n<p>Quinta-feira 23 e quinta-feira 30 de setembro atrav\u00e9s das plataformas de Vida Pura Produ\u00e7\u00f5es<br \/>\n<a href=\"https:\/\/lt.mydplr.com\/8ec2f7f1129f40de36816d741dad3173-81868bec073b3970fa62af291f12b42d\" target=\"_blank\" rel=\"noopener\" data-saferedirecturl=\"https:\/\/www.google.com\/url?hl=es&amp;q=https:\/\/lt.mydplr.com\/8ec2f7f1129f40de36816d741dad3173-81868bec073b3970fa62af291f12b42d&amp;source=gmail&amp;ust=1632852414599000&amp;usg=AFQjCNGzCyIv_zGJRJSAiIg1dcdpOhHpXg\">facebook.com<\/a><br \/>\n<a href=\"https:\/\/lt.mydplr.com\/f23c13dc7c3134b487ec108e9d095f51-81868bec073b3970fa62af291f12b42d\" target=\"_blank\" rel=\"noopener\" data-saferedirecturl=\"https:\/\/www.google.com\/url?hl=es&amp;q=https:\/\/lt.mydplr.com\/f23c13dc7c3134b487ec108e9d095f51-81868bec073b3970fa62af291f12b42d&amp;source=gmail&amp;ust=1632852414599000&amp;usg=AFQjCNEcp_1U1fbvJA4_QQ110lv9H_z0ig\">youtube.com<\/a><br \/>\n<a href=\"https:\/\/lt.mydplr.com\/6fc20213102e45e21dd891c01c18ca94-81868bec073b3970fa62af291f12b42d\" target=\"_blank\" rel=\"noopener\" data-saferedirecturl=\"https:\/\/www.google.com\/url?hl=es&amp;q=https:\/\/lt.mydplr.com\/6fc20213102e45e21dd891c01c18ca94-81868bec073b3970fa62af291f12b42d&amp;source=gmail&amp;ust=1632852414599000&amp;usg=AFQjCNGcxuu7purD2FnZ-Yu_1w0jSjuk0A\">instagram.com<\/a><\/p>\n","protected":false},"excerpt":{"rendered":"<p>Em meio ao contexto de pandemia, um grupo de jovens costa-riquenhos gerou a mostra musical \u00abFilhas da M\u00fasica: Compositoras centro-americanas\u00bb com o objetivo de dar a conhecer o universo criativo musical de diferentes compositoras centro-americanas contempor\u00e2neas. A mostra audiovisual e musical consiste na exposi\u00e7\u00e3o de oito obras centro-americanas de autoria feminina atrav\u00e9s de dois recitais [&hellip;]<\/p>\n","protected":false},"author":1,"featured_media":10145,"comment_status":"closed","ping_status":"closed","sticky":false,"template":"","format":"standard","meta":{"footnotes":""},"categories":[218],"tags":[],"class_list":["post-10147","post","type-post","status-publish","format-standard","has-post-thumbnail","hentry","category-noticias-generales-pt"],"lang":"pt","translations":{"pt":10147,"es":10144},"pll_sync_post":[],"post_mailing_queue_ids":[],"_links":{"self":[{"href":"http:\/\/staging.ibermusicas.org\/index.php\/wp-json\/wp\/v2\/posts\/10147","targetHints":{"allow":["GET"]}}],"collection":[{"href":"http:\/\/staging.ibermusicas.org\/index.php\/wp-json\/wp\/v2\/posts"}],"about":[{"href":"http:\/\/staging.ibermusicas.org\/index.php\/wp-json\/wp\/v2\/types\/post"}],"author":[{"embeddable":true,"href":"http:\/\/staging.ibermusicas.org\/index.php\/wp-json\/wp\/v2\/users\/1"}],"replies":[{"embeddable":true,"href":"http:\/\/staging.ibermusicas.org\/index.php\/wp-json\/wp\/v2\/comments?post=10147"}],"version-history":[{"count":1,"href":"http:\/\/staging.ibermusicas.org\/index.php\/wp-json\/wp\/v2\/posts\/10147\/revisions"}],"predecessor-version":[{"id":10148,"href":"http:\/\/staging.ibermusicas.org\/index.php\/wp-json\/wp\/v2\/posts\/10147\/revisions\/10148"}],"wp:featuredmedia":[{"embeddable":true,"href":"http:\/\/staging.ibermusicas.org\/index.php\/wp-json\/wp\/v2\/media\/10145"}],"wp:attachment":[{"href":"http:\/\/staging.ibermusicas.org\/index.php\/wp-json\/wp\/v2\/media?parent=10147"}],"wp:term":[{"taxonomy":"category","embeddable":true,"href":"http:\/\/staging.ibermusicas.org\/index.php\/wp-json\/wp\/v2\/categories?post=10147"},{"taxonomy":"post_tag","embeddable":true,"href":"http:\/\/staging.ibermusicas.org\/index.php\/wp-json\/wp\/v2\/tags?post=10147"}],"curies":[{"name":"wp","href":"https:\/\/api.w.org\/{rel}","templated":true}]}}