{"id":10152,"date":"2021-09-27T19:17:30","date_gmt":"2021-09-27T19:17:30","guid":{"rendered":"http:\/\/staging.ibermusicas.org\/?p=10152"},"modified":"2021-09-27T19:17:30","modified_gmt":"2021-09-27T19:17:30","slug":"de-tacna-peru-edwin-salamanca-continua-seu-ciclo-de-encontros-realizando-nesta-ocasiao-um-bate-papo-internacional-sobre-musica-latino-americana","status":"publish","type":"post","link":"http:\/\/staging.ibermusicas.org\/index.php\/de-tacna-peru-edwin-salamanca-continua-seu-ciclo-de-encontros-realizando-nesta-ocasiao-um-bate-papo-internacional-sobre-musica-latino-americana\/","title":{"rendered":"De Tacna, Peru, Edwin Salamanca continua seu ciclo de encontros realizando nesta ocasi\u00e3o um bate-papo internacional sobre m\u00fasica latino-americana"},"content":{"rendered":"<p>Com o objetivo de realizar atividades de resgate, divulga\u00e7\u00e3o e promo\u00e7\u00e3o da m\u00fasica tradicional da regi\u00e3o de Tacna por meio de shows, interc\u00e2mbios culturais, palestras e entrevistas, o m\u00fasico e docente peruano Edwin Salamanca Garc\u00eda coordenar\u00e1 um novo encontro.<\/p>\n<p>Quarta-feira 22 de septiembre 20:00 hs (hora do Peru)<\/p>\n<p><a href=\"https:\/\/lt.mydplr.com\/6953e4fa25dde2731ca229f230f6b4d6-81868bec073b3970fa62af291f12b42d\" target=\"_blank\" rel=\"noopener\" data-saferedirecturl=\"https:\/\/www.google.com\/url?hl=es&amp;q=https:\/\/lt.mydplr.com\/6953e4fa25dde2731ca229f230f6b4d6-81868bec073b3970fa62af291f12b42d&amp;source=gmail&amp;ust=1632852414599000&amp;usg=AFQjCNHoJ_h0EH0jsjjUfkvtwzzsOu6pBA\">facebook.com<\/a><\/p>\n","protected":false},"excerpt":{"rendered":"<p>Com o objetivo de realizar atividades de resgate, divulga\u00e7\u00e3o e promo\u00e7\u00e3o da m\u00fasica tradicional da regi\u00e3o de Tacna por meio de shows, interc\u00e2mbios culturais, palestras e entrevistas, o m\u00fasico e docente peruano Edwin Salamanca Garc\u00eda coordenar\u00e1 um novo encontro. Quarta-feira 22 de septiembre 20:00 hs (hora do Peru) facebook.com<\/p>\n","protected":false},"author":1,"featured_media":10150,"comment_status":"closed","ping_status":"closed","sticky":false,"template":"","format":"standard","meta":{"footnotes":""},"categories":[218],"tags":[],"class_list":["post-10152","post","type-post","status-publish","format-standard","has-post-thumbnail","hentry","category-noticias-generales-pt"],"lang":"pt","translations":{"pt":10152,"es":10149},"pll_sync_post":[],"post_mailing_queue_ids":[],"_links":{"self":[{"href":"http:\/\/staging.ibermusicas.org\/index.php\/wp-json\/wp\/v2\/posts\/10152","targetHints":{"allow":["GET"]}}],"collection":[{"href":"http:\/\/staging.ibermusicas.org\/index.php\/wp-json\/wp\/v2\/posts"}],"about":[{"href":"http:\/\/staging.ibermusicas.org\/index.php\/wp-json\/wp\/v2\/types\/post"}],"author":[{"embeddable":true,"href":"http:\/\/staging.ibermusicas.org\/index.php\/wp-json\/wp\/v2\/users\/1"}],"replies":[{"embeddable":true,"href":"http:\/\/staging.ibermusicas.org\/index.php\/wp-json\/wp\/v2\/comments?post=10152"}],"version-history":[{"count":1,"href":"http:\/\/staging.ibermusicas.org\/index.php\/wp-json\/wp\/v2\/posts\/10152\/revisions"}],"predecessor-version":[{"id":10153,"href":"http:\/\/staging.ibermusicas.org\/index.php\/wp-json\/wp\/v2\/posts\/10152\/revisions\/10153"}],"wp:featuredmedia":[{"embeddable":true,"href":"http:\/\/staging.ibermusicas.org\/index.php\/wp-json\/wp\/v2\/media\/10150"}],"wp:attachment":[{"href":"http:\/\/staging.ibermusicas.org\/index.php\/wp-json\/wp\/v2\/media?parent=10152"}],"wp:term":[{"taxonomy":"category","embeddable":true,"href":"http:\/\/staging.ibermusicas.org\/index.php\/wp-json\/wp\/v2\/categories?post=10152"},{"taxonomy":"post_tag","embeddable":true,"href":"http:\/\/staging.ibermusicas.org\/index.php\/wp-json\/wp\/v2\/tags?post=10152"}],"curies":[{"name":"wp","href":"https:\/\/api.w.org\/{rel}","templated":true}]}}