{"id":10157,"date":"2021-09-27T19:19:54","date_gmt":"2021-09-27T19:19:54","guid":{"rendered":"http:\/\/staging.ibermusicas.org\/?p=10157"},"modified":"2021-09-27T19:19:54","modified_gmt":"2021-09-27T19:19:54","slug":"a-fundacao-danilo-perez-continua-com-seu-ciclo-de-conexao-musical-do-panama-nesta-ocasiao-apresentando-nikki-cambell-do-panama","status":"publish","type":"post","link":"http:\/\/staging.ibermusicas.org\/index.php\/a-fundacao-danilo-perez-continua-com-seu-ciclo-de-conexao-musical-do-panama-nesta-ocasiao-apresentando-nikki-cambell-do-panama\/","title":{"rendered":"A Funda\u00e7\u00e3o Danilo P\u00e9rez continua com seu ciclo de Conex\u00e3o Musical do Panam\u00e1, nesta ocasi\u00e3o apresentando Nikki Cambell do Panam\u00e1"},"content":{"rendered":"<p>A Funda\u00e7\u00e3o Danilo P\u00e9rez \u00e9 uma entidade sem fins lucrativos que promove a tutoria, a forma\u00e7\u00e3o e o est\u00edmulo musical para crian\u00e7as, adolescentes e jovens com talento para a m\u00fasica e carreiras afins. Promovem o desenvolvimento integral por meio da educa\u00e7\u00e3o musical, independentemente da condi\u00e7\u00e3o socioecon\u00f4mica, para que os benefici\u00e1rios se tornem profissionais.<\/p>\n<p>O projeto Conex\u00e3o Musical do Panam\u00e1 consiste em oferecer atividades de educa\u00e7\u00e3o musical gratuitas e cont\u00ednuas em formato virtual para facilitar aos estudantes panamenhos e iberoa-americanos o acesso aos conhecimentos transmitidos por artistas e professores de m\u00fasica nacionais e internacionais. Eles contam com uma plataforma de mais de 100 artistas e educadores que ap\u00f3iam os projetos socioeducativos da Funda\u00e7\u00e3o Danilo P\u00e9rez em diferentes partes do mundo.<\/p>\n<p>Nakeiltha \u00abNikki\u00bb Campbell \u00e9 percussionista, artista, docente, produtora e fundadora de um grande projeto chamado Pontes de Poder cujo trabalho promove o empoderamento atrav\u00e9s da heran\u00e7a cultural africana. A Nikki trabalha h\u00e1 mais de 10 anos no g\u00eanero musical mundial, incluindo m\u00fasica contempor\u00e2nea nos EUA e global. Atuou junto a Stevie Wonder, Lila Downs e Aloe Blacc entre outros. Ela foi premiada pela Alian\u00e7a de Artes Tradicionais da Calif\u00f3rnia para acompanhar seus estudos na \u00c1frica e Los Angeles em m\u00fasica tradicional Mandinka da \u00c1frica Ocidental. \u00c9 professora de m\u00fasica nas escolas e institui\u00e7\u00f5es penitenci\u00e1rias onde utiliza os tambores para capacitar as comunidades marginalizadas.<\/p>\n<p>Quinta-feira, 30 de Setembro, 17 hs. (hor\u00e1rio do Panam\u00e1)<a href=\"https:\/\/lt.mydplr.com\/830831be9507163b0e02af76545defe1-81868bec073b3970fa62af291f12b42d\" target=\"_blank\" rel=\"noopener\" data-saferedirecturl=\"https:\/\/www.google.com\/url?hl=es&amp;q=https:\/\/lt.mydplr.com\/830831be9507163b0e02af76545defe1-81868bec073b3970fa62af291f12b42d&amp;source=gmail&amp;ust=1632852414599000&amp;usg=AFQjCNF6TFu0DS11WMoQNcMO0A0hh3H4xw\">\u00a0aqui<\/a><\/p>\n","protected":false},"excerpt":{"rendered":"<p>A Funda\u00e7\u00e3o Danilo P\u00e9rez \u00e9 uma entidade sem fins lucrativos que promove a tutoria, a forma\u00e7\u00e3o e o est\u00edmulo musical para crian\u00e7as, adolescentes e jovens com talento para a m\u00fasica e carreiras afins. Promovem o desenvolvimento integral por meio da educa\u00e7\u00e3o musical, independentemente da condi\u00e7\u00e3o socioecon\u00f4mica, para que os benefici\u00e1rios se tornem profissionais. O projeto [&hellip;]<\/p>\n","protected":false},"author":1,"featured_media":10155,"comment_status":"closed","ping_status":"closed","sticky":false,"template":"","format":"standard","meta":{"footnotes":""},"categories":[218],"tags":[],"class_list":["post-10157","post","type-post","status-publish","format-standard","has-post-thumbnail","hentry","category-noticias-generales-pt"],"lang":"pt","translations":{"pt":10157,"es":10154},"pll_sync_post":[],"post_mailing_queue_ids":[],"_links":{"self":[{"href":"http:\/\/staging.ibermusicas.org\/index.php\/wp-json\/wp\/v2\/posts\/10157","targetHints":{"allow":["GET"]}}],"collection":[{"href":"http:\/\/staging.ibermusicas.org\/index.php\/wp-json\/wp\/v2\/posts"}],"about":[{"href":"http:\/\/staging.ibermusicas.org\/index.php\/wp-json\/wp\/v2\/types\/post"}],"author":[{"embeddable":true,"href":"http:\/\/staging.ibermusicas.org\/index.php\/wp-json\/wp\/v2\/users\/1"}],"replies":[{"embeddable":true,"href":"http:\/\/staging.ibermusicas.org\/index.php\/wp-json\/wp\/v2\/comments?post=10157"}],"version-history":[{"count":1,"href":"http:\/\/staging.ibermusicas.org\/index.php\/wp-json\/wp\/v2\/posts\/10157\/revisions"}],"predecessor-version":[{"id":10158,"href":"http:\/\/staging.ibermusicas.org\/index.php\/wp-json\/wp\/v2\/posts\/10157\/revisions\/10158"}],"wp:featuredmedia":[{"embeddable":true,"href":"http:\/\/staging.ibermusicas.org\/index.php\/wp-json\/wp\/v2\/media\/10155"}],"wp:attachment":[{"href":"http:\/\/staging.ibermusicas.org\/index.php\/wp-json\/wp\/v2\/media?parent=10157"}],"wp:term":[{"taxonomy":"category","embeddable":true,"href":"http:\/\/staging.ibermusicas.org\/index.php\/wp-json\/wp\/v2\/categories?post=10157"},{"taxonomy":"post_tag","embeddable":true,"href":"http:\/\/staging.ibermusicas.org\/index.php\/wp-json\/wp\/v2\/tags?post=10157"}],"curies":[{"name":"wp","href":"https:\/\/api.w.org\/{rel}","templated":true}]}}