{"id":10162,"date":"2021-09-27T19:22:55","date_gmt":"2021-09-27T19:22:55","guid":{"rendered":"http:\/\/staging.ibermusicas.org\/?p=10162"},"modified":"2021-09-27T19:22:55","modified_gmt":"2021-09-27T19:22:55","slug":"eusebio-sanchez-de-mexico-apresenta-seu-video-performance-fri-qui-junto-com-juan-camilo-vasquez-da-colombia","status":"publish","type":"post","link":"http:\/\/staging.ibermusicas.org\/index.php\/eusebio-sanchez-de-mexico-apresenta-seu-video-performance-fri-qui-junto-com-juan-camilo-vasquez-da-colombia\/","title":{"rendered":"Eusebio S\u00e1nchez de M\u00e9xico apresenta seu v\u00eddeo performance \u00abFri-Qui\u00bb junto com Juan Camilo V\u00e1squez da Col\u00f4mbia"},"content":{"rendered":"<p>Fri-Qui \u00e9 um v\u00eddeo-performance musical de 50 minutos de dura\u00e7\u00e3o onde o int\u00e9rprete mergulha na est\u00e9tica do mundo friqui, utilizando objetos cotidianos como controles remotos, computadores, controles de videogames e amplificadores como meios de absoluta cria\u00e7\u00e3o sonora movendo-se entre o mundo dos dispositivos m\u00f3veis, a realidade aumentada, a pandemia, as interconex\u00f5es e as redes sociais.<\/p>\n<p>Eusebio S\u00e1nchez \u00e9 concertista, m\u00fasico e produtor origin\u00e1rio de Monterrey, M\u00e9xico. \u00c9 graduado pela Escola Superior de M\u00fasica e Dan\u00e7a de Monterrey com a distin\u00e7\u00e3o de Men\u00e7\u00e3o Honor\u00e1ria e Engenheiro em Produ\u00e7\u00e3o Musical no Tecnol\u00f3gico de Monterrey, gra\u00e7as \u00e0 bolsa CEMEX ao Talento Musical.<\/p>\n<p>Estudou com os mais renomados percussionistas do M\u00e9xico e do mundo.<br \/>\nEntre suas principais resid\u00eancias internacionais encontram-se a \u00abEst\u00e2ncia de Profissionaliza\u00e7\u00e3o de Executantes de M\u00fasica Cl\u00e1ssica\u00bb em Londres, Inglaterra, Anglo Arts (MX) e a City Music Foundation (UK) e a primeira edi\u00e7\u00e3o do \u00c0gora: European Meeting of Contemporary Percussion.<\/p>\n<p>Realizou em colabora\u00e7\u00e3o projetos como \u00abO Amor e a Morte\u00bb (2019) como diretor art\u00edstico e solista frente \u00e0 orquestra da Escola Superior de M\u00fasica e Dan\u00e7a de Monterrey. \u00c9 fundador e membro do Q-SION, conjunto de percuss\u00e3o que tem o objetivo de entrar no desempenho e uso de instrumentos de percuss\u00e3o n\u00e3o convencionais com o qual se apresentou em diversas cidades do M\u00e9xico com apoio da CONARTE.<\/p>\n<p>Como solista, Eusebio S\u00e1nchez interpretou em importantes foros do M\u00e9xico e do mundo. Atualmente realiza seus estudos de Mestrado na Universidade Alfonso X o S\u00e1bio sob os ensinamentos do grande percussionista espanhol Juanjo Guillem em Madri, Espanha<\/p>\n<p>22 de setembro 20:00 hs. (hora da Col\u00f4mbia)<br \/>\nC\u00edrculo Colombiano de M\u00fasica Contempor\u00e2nea, Teatro Estudio, Bogot\u00e1, Col\u00f4mbia<br \/>\n<a href=\"https:\/\/lt.mydplr.com\/55a18b72cc7848e3b47483900a903d2f-81868bec073b3970fa62af291f12b42d\" target=\"_blank\" rel=\"noopener\" data-saferedirecturl=\"https:\/\/www.google.com\/url?hl=es&amp;q=https:\/\/lt.mydplr.com\/55a18b72cc7848e3b47483900a903d2f-81868bec073b3970fa62af291f12b42d&amp;source=gmail&amp;ust=1632852414600000&amp;usg=AFQjCNEUMJoZgKzhOv76JZXuPGPZjE3tRw\">facebook.com<\/a><\/p>\n","protected":false},"excerpt":{"rendered":"<p>Fri-Qui \u00e9 um v\u00eddeo-performance musical de 50 minutos de dura\u00e7\u00e3o onde o int\u00e9rprete mergulha na est\u00e9tica do mundo friqui, utilizando objetos cotidianos como controles remotos, computadores, controles de videogames e amplificadores como meios de absoluta cria\u00e7\u00e3o sonora movendo-se entre o mundo dos dispositivos m\u00f3veis, a realidade aumentada, a pandemia, as interconex\u00f5es e as redes sociais. [&hellip;]<\/p>\n","protected":false},"author":1,"featured_media":10160,"comment_status":"closed","ping_status":"closed","sticky":false,"template":"","format":"standard","meta":{"footnotes":""},"categories":[218],"tags":[],"class_list":["post-10162","post","type-post","status-publish","format-standard","has-post-thumbnail","hentry","category-noticias-generales-pt"],"lang":"pt","translations":{"pt":10162,"es":10159},"pll_sync_post":[],"post_mailing_queue_ids":[],"_links":{"self":[{"href":"http:\/\/staging.ibermusicas.org\/index.php\/wp-json\/wp\/v2\/posts\/10162","targetHints":{"allow":["GET"]}}],"collection":[{"href":"http:\/\/staging.ibermusicas.org\/index.php\/wp-json\/wp\/v2\/posts"}],"about":[{"href":"http:\/\/staging.ibermusicas.org\/index.php\/wp-json\/wp\/v2\/types\/post"}],"author":[{"embeddable":true,"href":"http:\/\/staging.ibermusicas.org\/index.php\/wp-json\/wp\/v2\/users\/1"}],"replies":[{"embeddable":true,"href":"http:\/\/staging.ibermusicas.org\/index.php\/wp-json\/wp\/v2\/comments?post=10162"}],"version-history":[{"count":1,"href":"http:\/\/staging.ibermusicas.org\/index.php\/wp-json\/wp\/v2\/posts\/10162\/revisions"}],"predecessor-version":[{"id":10163,"href":"http:\/\/staging.ibermusicas.org\/index.php\/wp-json\/wp\/v2\/posts\/10162\/revisions\/10163"}],"wp:featuredmedia":[{"embeddable":true,"href":"http:\/\/staging.ibermusicas.org\/index.php\/wp-json\/wp\/v2\/media\/10160"}],"wp:attachment":[{"href":"http:\/\/staging.ibermusicas.org\/index.php\/wp-json\/wp\/v2\/media?parent=10162"}],"wp:term":[{"taxonomy":"category","embeddable":true,"href":"http:\/\/staging.ibermusicas.org\/index.php\/wp-json\/wp\/v2\/categories?post=10162"},{"taxonomy":"post_tag","embeddable":true,"href":"http:\/\/staging.ibermusicas.org\/index.php\/wp-json\/wp\/v2\/tags?post=10162"}],"curies":[{"name":"wp","href":"https:\/\/api.w.org\/{rel}","templated":true}]}}