{"id":10169,"date":"2021-09-27T19:26:35","date_gmt":"2021-09-27T19:26:35","guid":{"rendered":"http:\/\/staging.ibermusicas.org\/?p=10169"},"modified":"2021-09-27T19:26:35","modified_gmt":"2021-09-27T19:26:35","slug":"desde-bogota-colombia-la-cantante-urpi-barco-y-el-bajista-nicolas-torres-realizaran-un-concierto-con-transmision-on-line","status":"publish","type":"post","link":"http:\/\/staging.ibermusicas.org\/index.php\/desde-bogota-colombia-la-cantante-urpi-barco-y-el-bajista-nicolas-torres-realizaran-un-concierto-con-transmision-on-line\/","title":{"rendered":"Desde Bogot\u00e1, Colombia, la cantante Urpi Barco y el bajista Nicol\u00e1s Torres realizar\u00e1n un concierto con transmisi\u00f3n on-line"},"content":{"rendered":"<p>En el a\u00f1o 2019, Urpi Barco, una de las cantantes y compositoras m\u00e1s reconocidas en el campo de las nuevas m\u00fasicas colombianas y el jazz latinoamericano, y Nicol\u00e1s Torres; bajista y productor bogotano con gran trayectoria en el rock, el flamenco y el jazz, deciden emprender un proyecto musical a d\u00fao que m\u00e1s adelante se consolida en la ciudad de Barcelona en escenarios como el Teatro de los Sentidos, la Sala 4 de ESMUC (Escuela Superior de M\u00fasica de Catalunya,) el Caf\u00e8 de les Delicies, entre otros espacios.<\/p>\n<p>Urpi Barco presenta en 2021 \u00abPalpitar\u00bb, un repertorio que re\u00fane canciones de autores latinoamericanos y composiciones propias creadas en medio del confinamiento en formato de bajo, voz, loops y efectos sonoros. El disco fue grabado y producido en Espa\u00f1a y cuenta con la participaci\u00f3n especial del guitarrista Dani P\u00e9rez y la cantante Lara Bello, m\u00fasicos ampliamente reconocidos en la escena del jazz internacional.<\/p>\n<p>Participar\u00e1n del concierto: Urpi Barco en voz, percusi\u00f3n menor y gaita, Nicol\u00e1s Torres en bajo y secuencias y C\u00e9sar Medina en saxof\u00f3n<\/p>\n<p>27 de septiembre, Universidad Sergio Arboleda, Bogot\u00e1, Colombia.<\/p>\n<p>Link de la transmisi\u00f3n virtual:\u00a0<a href=\"https:\/\/lt.mydplr.com\/4d8ad260318d306af99c1d11e5f2ab61-81868bec073b3970fa62af291f12b42d\" target=\"_blank\" rel=\"noopener\" data-saferedirecturl=\"https:\/\/www.google.com\/url?hl=es&amp;q=https:\/\/lt.mydplr.com\/4d8ad260318d306af99c1d11e5f2ab61-81868bec073b3970fa62af291f12b42d&amp;source=gmail&amp;ust=1632852414600000&amp;usg=AFQjCNERO8G0A1lH9npKcYrEAYTlYSTp7Q\">aqui<\/a><\/p>\n","protected":false},"excerpt":{"rendered":"<p>En el a\u00f1o 2019, Urpi Barco, una de las cantantes y compositoras m\u00e1s reconocidas en el campo de las nuevas m\u00fasicas colombianas y el jazz latinoamericano, y Nicol\u00e1s Torres; bajista y productor bogotano con gran trayectoria en el rock, el flamenco y el jazz, deciden emprender un proyecto musical a d\u00fao que m\u00e1s adelante se [&hellip;]<\/p>\n","protected":false},"author":1,"featured_media":10170,"comment_status":"closed","ping_status":"closed","sticky":false,"template":"","format":"standard","meta":{"footnotes":""},"categories":[53],"tags":[],"class_list":["post-10169","post","type-post","status-publish","format-standard","has-post-thumbnail","hentry","category-noticias-generales"],"lang":"es","translations":{"es":10169,"pt":10172},"pll_sync_post":[],"post_mailing_queue_ids":[],"_links":{"self":[{"href":"http:\/\/staging.ibermusicas.org\/index.php\/wp-json\/wp\/v2\/posts\/10169","targetHints":{"allow":["GET"]}}],"collection":[{"href":"http:\/\/staging.ibermusicas.org\/index.php\/wp-json\/wp\/v2\/posts"}],"about":[{"href":"http:\/\/staging.ibermusicas.org\/index.php\/wp-json\/wp\/v2\/types\/post"}],"author":[{"embeddable":true,"href":"http:\/\/staging.ibermusicas.org\/index.php\/wp-json\/wp\/v2\/users\/1"}],"replies":[{"embeddable":true,"href":"http:\/\/staging.ibermusicas.org\/index.php\/wp-json\/wp\/v2\/comments?post=10169"}],"version-history":[{"count":1,"href":"http:\/\/staging.ibermusicas.org\/index.php\/wp-json\/wp\/v2\/posts\/10169\/revisions"}],"predecessor-version":[{"id":10171,"href":"http:\/\/staging.ibermusicas.org\/index.php\/wp-json\/wp\/v2\/posts\/10169\/revisions\/10171"}],"wp:featuredmedia":[{"embeddable":true,"href":"http:\/\/staging.ibermusicas.org\/index.php\/wp-json\/wp\/v2\/media\/10170"}],"wp:attachment":[{"href":"http:\/\/staging.ibermusicas.org\/index.php\/wp-json\/wp\/v2\/media?parent=10169"}],"wp:term":[{"taxonomy":"category","embeddable":true,"href":"http:\/\/staging.ibermusicas.org\/index.php\/wp-json\/wp\/v2\/categories?post=10169"},{"taxonomy":"post_tag","embeddable":true,"href":"http:\/\/staging.ibermusicas.org\/index.php\/wp-json\/wp\/v2\/tags?post=10169"}],"curies":[{"name":"wp","href":"https:\/\/api.w.org\/{rel}","templated":true}]}}