{"id":10172,"date":"2021-09-27T19:27:39","date_gmt":"2021-09-27T19:27:39","guid":{"rendered":"http:\/\/staging.ibermusicas.org\/?p=10172"},"modified":"2021-09-27T19:27:39","modified_gmt":"2021-09-27T19:27:39","slug":"desde-bogota-colombia-la-cantante-urpi-barco-y-el-bajista-nicolas-torres-realizaran-un-concierto-con-transmision-on-line-2","status":"publish","type":"post","link":"http:\/\/staging.ibermusicas.org\/index.php\/desde-bogota-colombia-la-cantante-urpi-barco-y-el-bajista-nicolas-torres-realizaran-un-concierto-con-transmision-on-line-2\/","title":{"rendered":"Desde Bogot\u00e1, Colombia, la cantante Urpi Barco y el bajista Nicol\u00e1s Torres realizar\u00e1n un concierto con transmisi\u00f3n on-line"},"content":{"rendered":"<p>Em 2019, Urpi Barco, uma das cantoras e compositoras mais reconhecidas no campo das novas m\u00fasicas colombianas e do jazz latino-americano, e Nicol\u00e1s Torres; baixista e produtor de Bogot\u00e1 com grande trajet\u00f3ria no rock, flamenco e jazz, decidem empreender um projeto musical a duo que mais tarde se consolida na cidade de Barcelona em cen\u00e1rios como o Teatro dos Sentidos, a Sala 4 de ESMUC (Escola Superior de M\u00fasica de Catalunya,) o Caf\u00e8 de les Delicies, entre outros espa\u00e7os.<\/p>\n<p>Urpi Barco apresenta em 2021 \u00abPalpitar\u00bb, um repert\u00f3rio que re\u00fane can\u00e7\u00f5es de autores latino-americanos e composi\u00e7\u00f5es pr\u00f3prias criadas em meio ao confinamento em formato de baixo, voz, loops e efeitos sonoros. O disco foi gravado e produzido na Espanha e conta com a participa\u00e7\u00e3o especial do guitarrista Dani P\u00e9rez e da cantora Lara Bello, m\u00fasicos amplamente reconhecidos na cena do jazz internacional.<\/p>\n<p>Participa\u00e7\u00e3o no concerto: Urpi Barco em voz, percuss\u00e3o menor e gaita, Nicol\u00e1s Torres em baixo e sequ\u00eancias e C\u00e9sar Medina em saxofone.<\/p>\n<p>27 de setembro, Universidade Sergio Arboleda, Bogot\u00e1, Col\u00f4mbia.<\/p>\n<p>Liga\u00e7\u00e3o da transmiss\u00e3o virtual:\u00a0<a href=\"https:\/\/lt.mydplr.com\/4d8ad260318d306af99c1d11e5f2ab61-81868bec073b3970fa62af291f12b42d\" target=\"_blank\" rel=\"noopener\" data-saferedirecturl=\"https:\/\/www.google.com\/url?hl=es&amp;q=https:\/\/lt.mydplr.com\/4d8ad260318d306af99c1d11e5f2ab61-81868bec073b3970fa62af291f12b42d&amp;source=gmail&amp;ust=1632852414600000&amp;usg=AFQjCNERO8G0A1lH9npKcYrEAYTlYSTp7Q\">aqui<\/a><\/p>\n","protected":false},"excerpt":{"rendered":"<p>Em 2019, Urpi Barco, uma das cantoras e compositoras mais reconhecidas no campo das novas m\u00fasicas colombianas e do jazz latino-americano, e Nicol\u00e1s Torres; baixista e produtor de Bogot\u00e1 com grande trajet\u00f3ria no rock, flamenco e jazz, decidem empreender um projeto musical a duo que mais tarde se consolida na cidade de Barcelona em cen\u00e1rios [&hellip;]<\/p>\n","protected":false},"author":1,"featured_media":10170,"comment_status":"closed","ping_status":"closed","sticky":false,"template":"","format":"standard","meta":{"footnotes":""},"categories":[218],"tags":[],"class_list":["post-10172","post","type-post","status-publish","format-standard","has-post-thumbnail","hentry","category-noticias-generales-pt"],"lang":"pt","translations":{"pt":10172,"es":10169},"pll_sync_post":[],"post_mailing_queue_ids":[],"_links":{"self":[{"href":"http:\/\/staging.ibermusicas.org\/index.php\/wp-json\/wp\/v2\/posts\/10172","targetHints":{"allow":["GET"]}}],"collection":[{"href":"http:\/\/staging.ibermusicas.org\/index.php\/wp-json\/wp\/v2\/posts"}],"about":[{"href":"http:\/\/staging.ibermusicas.org\/index.php\/wp-json\/wp\/v2\/types\/post"}],"author":[{"embeddable":true,"href":"http:\/\/staging.ibermusicas.org\/index.php\/wp-json\/wp\/v2\/users\/1"}],"replies":[{"embeddable":true,"href":"http:\/\/staging.ibermusicas.org\/index.php\/wp-json\/wp\/v2\/comments?post=10172"}],"version-history":[{"count":1,"href":"http:\/\/staging.ibermusicas.org\/index.php\/wp-json\/wp\/v2\/posts\/10172\/revisions"}],"predecessor-version":[{"id":10173,"href":"http:\/\/staging.ibermusicas.org\/index.php\/wp-json\/wp\/v2\/posts\/10172\/revisions\/10173"}],"wp:featuredmedia":[{"embeddable":true,"href":"http:\/\/staging.ibermusicas.org\/index.php\/wp-json\/wp\/v2\/media\/10170"}],"wp:attachment":[{"href":"http:\/\/staging.ibermusicas.org\/index.php\/wp-json\/wp\/v2\/media?parent=10172"}],"wp:term":[{"taxonomy":"category","embeddable":true,"href":"http:\/\/staging.ibermusicas.org\/index.php\/wp-json\/wp\/v2\/categories?post=10172"},{"taxonomy":"post_tag","embeddable":true,"href":"http:\/\/staging.ibermusicas.org\/index.php\/wp-json\/wp\/v2\/tags?post=10172"}],"curies":[{"name":"wp","href":"https:\/\/api.w.org\/{rel}","templated":true}]}}