{"id":10177,"date":"2021-09-27T19:29:49","date_gmt":"2021-09-27T19:29:49","guid":{"rendered":"http:\/\/staging.ibermusicas.org\/?p=10177"},"modified":"2021-09-27T19:29:49","modified_gmt":"2021-09-27T19:29:49","slug":"comecam-as-sessoes-de-formacao-mmf-latam-2021","status":"publish","type":"post","link":"http:\/\/staging.ibermusicas.org\/index.php\/comecam-as-sessoes-de-formacao-mmf-latam-2021\/","title":{"rendered":"Come\u00e7am as sess\u00f5es de forma\u00e7\u00e3o MMF LATAM 2021"},"content":{"rendered":"<p>Trata-se de sess\u00f5es de forma\u00e7\u00e3o espec\u00edficas de car\u00e1ter fechado com inscri\u00e7\u00e3o pr\u00e9via com custos mais que acess\u00edveis. Os eixos tem\u00e1ticos que se abordar\u00e3o nas sess\u00f5es de forma\u00e7\u00e3o s\u00e3o: \u00abA circula\u00e7\u00e3o da m\u00fasica na atualidade\u00bb, \u00abO mundo editorial e as sincroniza\u00e7\u00f5es\u00bb, \u00abCriptomonedas, Contratos inteligentes e NFTs\u00bb, \u00abComunidades em linha e mercado digital\u00bb, \u00abProcessos Associativos e Gremialismo na M\u00fasica\u00bb.<\/p>\n<p>Este projecto, que foi lan\u00e7ado em 2020 como resultado do contexto de confinamento mundial produzido pela pandemia do COVID 19, teve uma dura\u00e7\u00e3o de 13 sess\u00f5es abertas ao longo de 4 meses onde participaram os mais destacados e destacados referentes da ind\u00fastria musical independente mundial e com uma presen\u00e7a de mais de 2000 pessoas do setor musical e cultural em geral de 20 pa\u00edses de Am\u00e9rica Latina, Europa e Am\u00e9rica do Norte.<\/p>\n<p>A MMF LATAM \u00e9 a primeira Associa\u00e7\u00e3o Civil sem fins lucrativos, fundada em 2014, que re\u00fane gerentes e agentes musicais da Am\u00e9rica Latina. \u00c9 criada na cidade de Medell\u00edn no \u00e2mbito da feira internacional da m\u00fasica, Circulart, com representantes fundacionais de 12 pa\u00edses. Sua sede administrativa est\u00e1 localizada na Col\u00f4mbia. Funciona como uma rede profissional internacional que tem como principal objetivo representar os interesses coletivos dos managers e agentes musicais e seus artistas na Am\u00e9rica Latina. Hoje \u00e9 composta por membros de mais de 15 pa\u00edses da Am\u00e9rica Latina e faz parte da IMMF (International Music Management Forum).<\/p>\n<p>J\u00e1 se encontram abertas as inscri\u00e7\u00f5es para as 5 Sess\u00f5es de Forma\u00e7\u00e3o desde a web da MMF LATAM:\u00a0<a href=\"https:\/\/lt.mydplr.com\/472da4edd28d25c1c85e72e2223030fd-81868bec073b3970fa62af291f12b42d\" target=\"_blank\" rel=\"noopener\" data-saferedirecturl=\"https:\/\/www.google.com\/url?hl=es&amp;q=https:\/\/lt.mydplr.com\/472da4edd28d25c1c85e72e2223030fd-81868bec073b3970fa62af291f12b42d&amp;source=gmail&amp;ust=1632852414600000&amp;usg=AFQjCNGwz5uC3HsL_ZRmkOi6wbx1JfFYrA\">www.mmf.la<\/a><\/p>\n","protected":false},"excerpt":{"rendered":"<p>Trata-se de sess\u00f5es de forma\u00e7\u00e3o espec\u00edficas de car\u00e1ter fechado com inscri\u00e7\u00e3o pr\u00e9via com custos mais que acess\u00edveis. Os eixos tem\u00e1ticos que se abordar\u00e3o nas sess\u00f5es de forma\u00e7\u00e3o s\u00e3o: \u00abA circula\u00e7\u00e3o da m\u00fasica na atualidade\u00bb, \u00abO mundo editorial e as sincroniza\u00e7\u00f5es\u00bb, \u00abCriptomonedas, Contratos inteligentes e NFTs\u00bb, \u00abComunidades em linha e mercado digital\u00bb, \u00abProcessos Associativos e Gremialismo [&hellip;]<\/p>\n","protected":false},"author":1,"featured_media":10175,"comment_status":"closed","ping_status":"closed","sticky":false,"template":"","format":"standard","meta":{"footnotes":""},"categories":[218],"tags":[],"class_list":["post-10177","post","type-post","status-publish","format-standard","has-post-thumbnail","hentry","category-noticias-generales-pt"],"lang":"pt","translations":{"pt":10177,"es":10174},"pll_sync_post":[],"post_mailing_queue_ids":[],"_links":{"self":[{"href":"http:\/\/staging.ibermusicas.org\/index.php\/wp-json\/wp\/v2\/posts\/10177","targetHints":{"allow":["GET"]}}],"collection":[{"href":"http:\/\/staging.ibermusicas.org\/index.php\/wp-json\/wp\/v2\/posts"}],"about":[{"href":"http:\/\/staging.ibermusicas.org\/index.php\/wp-json\/wp\/v2\/types\/post"}],"author":[{"embeddable":true,"href":"http:\/\/staging.ibermusicas.org\/index.php\/wp-json\/wp\/v2\/users\/1"}],"replies":[{"embeddable":true,"href":"http:\/\/staging.ibermusicas.org\/index.php\/wp-json\/wp\/v2\/comments?post=10177"}],"version-history":[{"count":1,"href":"http:\/\/staging.ibermusicas.org\/index.php\/wp-json\/wp\/v2\/posts\/10177\/revisions"}],"predecessor-version":[{"id":10178,"href":"http:\/\/staging.ibermusicas.org\/index.php\/wp-json\/wp\/v2\/posts\/10177\/revisions\/10178"}],"wp:featuredmedia":[{"embeddable":true,"href":"http:\/\/staging.ibermusicas.org\/index.php\/wp-json\/wp\/v2\/media\/10175"}],"wp:attachment":[{"href":"http:\/\/staging.ibermusicas.org\/index.php\/wp-json\/wp\/v2\/media?parent=10177"}],"wp:term":[{"taxonomy":"category","embeddable":true,"href":"http:\/\/staging.ibermusicas.org\/index.php\/wp-json\/wp\/v2\/categories?post=10177"},{"taxonomy":"post_tag","embeddable":true,"href":"http:\/\/staging.ibermusicas.org\/index.php\/wp-json\/wp\/v2\/tags?post=10177"}],"curies":[{"name":"wp","href":"https:\/\/api.w.org\/{rel}","templated":true}]}}