{"id":10188,"date":"2021-09-28T16:41:41","date_gmt":"2021-09-28T16:41:41","guid":{"rendered":"http:\/\/staging.ibermusicas.org\/?p=10188"},"modified":"2021-10-16T11:11:32","modified_gmt":"2021-10-16T11:11:32","slug":"adia-se-por-quinze-dias-a-data-de-fechamento-de-nossas-convocatorias","status":"publish","type":"post","link":"http:\/\/staging.ibermusicas.org\/index.php\/adia-se-por-quinze-dias-a-data-de-fechamento-de-nossas-convocatorias\/","title":{"rendered":"A data de encerramento das nossas convocat\u00f3rias \u00e9 prorrogada at\u00e9 15 de outubro"},"content":{"rendered":"<p>Acompanhando e sempre com a inten\u00e7\u00e3o de estar perto de todo o setor musical ibero-americano, o Conselho Intergovernamental Iberm\u00fasicas comunica que decidiu prorrogar a data de fechamento de nossas convocat\u00f3rias \u00abAjudas ao setor musical em modalidade virtual 2021\u00bb e \u00abPr\u00eamio Iberm\u00fasicas de composi\u00e7\u00e3o e estr\u00e9ia de obra 2021\u00bb por mais quinze dias, sendo a nova data para o fechamento das mesmas na sexta-feira 15 de outubro \u00e0s 23:59 segundo o fuso hor\u00e1rio dos respectivos pa\u00edses que integram nosso Programa.<\/p>\n<p>A Unidade T\u00e9cnica Iberm\u00fasicas continuar\u00e1 durante estes 15 dias a inteira disposi\u00e7\u00e3o das e dos postulantes com o fim de assessor\u00e1-los, orient\u00e1-los e acompanh\u00e1-los no processo de postula\u00e7\u00e3o.<\/p>\n<p>Todas e todos os que fazemos Iberm\u00fasicas lhes desejamos os maiores \u00eaxitos na apresenta\u00e7\u00e3o das vossas propostas.<\/p>\n","protected":false},"excerpt":{"rendered":"<p>Acompanhando e sempre com a inten\u00e7\u00e3o de estar perto de todo o setor musical ibero-americano, o Conselho Intergovernamental Iberm\u00fasicas comunica que decidiu prorrogar a data de fechamento de nossas convocat\u00f3rias \u00abAjudas ao setor musical em modalidade virtual 2021\u00bb e \u00abPr\u00eamio Iberm\u00fasicas de composi\u00e7\u00e3o e estr\u00e9ia de obra 2021\u00bb por mais quinze dias, sendo a nova [&hellip;]<\/p>\n","protected":false},"author":1,"featured_media":10189,"comment_status":"closed","ping_status":"closed","sticky":false,"template":"","format":"standard","meta":{"footnotes":""},"categories":[218],"tags":[],"class_list":["post-10188","post","type-post","status-publish","format-standard","has-post-thumbnail","hentry","category-noticias-generales-pt"],"lang":"pt","translations":{"pt":10188},"pll_sync_post":[],"post_mailing_queue_ids":[],"_links":{"self":[{"href":"http:\/\/staging.ibermusicas.org\/index.php\/wp-json\/wp\/v2\/posts\/10188","targetHints":{"allow":["GET"]}}],"collection":[{"href":"http:\/\/staging.ibermusicas.org\/index.php\/wp-json\/wp\/v2\/posts"}],"about":[{"href":"http:\/\/staging.ibermusicas.org\/index.php\/wp-json\/wp\/v2\/types\/post"}],"author":[{"embeddable":true,"href":"http:\/\/staging.ibermusicas.org\/index.php\/wp-json\/wp\/v2\/users\/1"}],"replies":[{"embeddable":true,"href":"http:\/\/staging.ibermusicas.org\/index.php\/wp-json\/wp\/v2\/comments?post=10188"}],"version-history":[{"count":2,"href":"http:\/\/staging.ibermusicas.org\/index.php\/wp-json\/wp\/v2\/posts\/10188\/revisions"}],"predecessor-version":[{"id":10272,"href":"http:\/\/staging.ibermusicas.org\/index.php\/wp-json\/wp\/v2\/posts\/10188\/revisions\/10272"}],"wp:featuredmedia":[{"embeddable":true,"href":"http:\/\/staging.ibermusicas.org\/index.php\/wp-json\/wp\/v2\/media\/10189"}],"wp:attachment":[{"href":"http:\/\/staging.ibermusicas.org\/index.php\/wp-json\/wp\/v2\/media?parent=10188"}],"wp:term":[{"taxonomy":"category","embeddable":true,"href":"http:\/\/staging.ibermusicas.org\/index.php\/wp-json\/wp\/v2\/categories?post=10188"},{"taxonomy":"post_tag","embeddable":true,"href":"http:\/\/staging.ibermusicas.org\/index.php\/wp-json\/wp\/v2\/tags?post=10188"}],"curies":[{"name":"wp","href":"https:\/\/api.w.org\/{rel}","templated":true}]}}