{"id":10205,"date":"2021-10-04T17:17:14","date_gmt":"2021-10-04T17:17:14","guid":{"rendered":"http:\/\/staging.ibermusicas.org\/?p=10205"},"modified":"2021-10-04T17:17:14","modified_gmt":"2021-10-04T17:17:14","slug":"el-bandoneonista-y-compositor-argentino-daniel-ruggiero-estrenara-su-obra-imagenes-y-realizara-un-concierto-de-homenaje-a-astor-piazzolla-en-el-marco-del-festival-interviolas-de-bogo","status":"publish","type":"post","link":"http:\/\/staging.ibermusicas.org\/index.php\/el-bandoneonista-y-compositor-argentino-daniel-ruggiero-estrenara-su-obra-imagenes-y-realizara-un-concierto-de-homenaje-a-astor-piazzolla-en-el-marco-del-festival-interviolas-de-bogo\/","title":{"rendered":"El bandoneonista y compositor argentino Daniel Ruggiero estrenar\u00e1 su obra \u201cIm\u00e1genes\u201d y realizar\u00e1 un concierto de homenaje a Astor Piazzolla en el marco del Festival Interviolas de Bogot\u00e1, Colombia"},"content":{"rendered":"<p>\u00abCreo que la tradici\u00f3n del g\u00e9nero es innovar\u00bb, dice Daniel Ruggiero, marcando una declaraci\u00f3n de principios sobre el tango como g\u00e9nero en constante evoluci\u00f3n.<\/p>\n<p>Daniel Ruggiero e ha desempe\u00f1ado como bandoneonista y arreglador en Argentina y en el exterior trabajando, entre otros, con artistas como Ra\u00fal Lavi\u00e9, Guillermo Fern\u00e1ndez, Atilio Stampone, Jos\u00e9 Col\u00e1ngelo y Julia Zenko, adem\u00e1s de actuar con diversas orquestas sinf\u00f3nicas. Form\u00f3 el Quasimodo Tr\u00edo, con el que grab\u00f3 su primer disco y realiz\u00f3 tres giras por Europa, donde registr\u00f3 su segundo CD, \u00c1msterdam; y edit\u00f3 su tercer trabajo, Acontrayumba. En 2013 estren\u00f3 en el Festival de Tango de Buenos Aires su Doble Concierto para viol\u00edn, bandone\u00f3n y orquesta de cuerdas, junto al violinista Mat\u00edas Grande y la Orquesta de Cuerdas Elvino Vardaro. Es hijo de Osvaldo Ruggiero (1922-1994), otro bandoneonista de gran presencia en la tradici\u00f3n del tango que integr\u00f3 la Orquesta de Osvaldo Pugliese.<\/p>\n<p>Luego de su primer disco solista, \u00abBandone\u00f3n es Cultura\u00bb (2017) -que incluye nuevos arreglos y composiciones-, el m\u00fasico y docente nacido en 1979, lanz\u00f3 su segundo disco solista, \u00abBandone\u00f3n de concierto\u00bb, un trabajo que busca aportar una nueva mirada en el instrumento y en el g\u00e9nero, conjugando la m\u00fasica acad\u00e9mica y el tango donde la voz del fuelle se escucha al frente de una sinf\u00f3nica, explorando en todas las posibilidades sonoras del instrumento. El flamante \u00e1lbum est\u00e1 integrado por dos obras de tres movimientos cada una: la primera, \u00abBando y banda\u00bb, es un concierto para bandone\u00f3n y ensamble orquestal; y la segunda, \u00abDe n\u00e1car\u00bb, es un doble concierto para dos bandoneones con orquesta de cuerdas y marimba. Con este trabajo cierra una etapa compositiva que es resultado de a\u00f1os de estudio en la direcci\u00f3n orquestal.<\/p>\n<p>Invitado como compositor, arreglador y bandoneonista al Festival Internacional de violas Interviolas de la ciudad de Bogot\u00e1, Colombia, Daniel Ruggiero estrenar\u00e1 su obra \u201cIm\u00e1genes\u201d para viola y bandone\u00f3n.<\/p>\n<p>Interviolas es un espacio creado en 2010 con el fin de acoger a toda la comunidad de violistas colombianos y latinoamericanos; desde ese entonces el festival se realiza cada dos a\u00f1os en el Conservatorio de M\u00fasica de la Universidad Nacional de Colombia. Brinda una variedad de clases y talleres sobre temas pr\u00e1cticos y enriquecedores reuniendo un panel nacional e internacional de violistas distinguidos y realizando conciertos en reconocidos auditorios de la ciudad.<\/p>\n<p>Jueves 2 de octubre, 15:00 hs. (horario de Colombia), Teatro Mayor, Bogot\u00e1, Colombia<br \/>\nViernes 3 de octubre a las 17:00 hs. (horario de Colombia), Teatro Mayor, Bogot\u00e1, Colombia<\/p>\n","protected":false},"excerpt":{"rendered":"<p>\u00abCreo que la tradici\u00f3n del g\u00e9nero es innovar\u00bb, dice Daniel Ruggiero, marcando una declaraci\u00f3n de principios sobre el tango como g\u00e9nero en constante evoluci\u00f3n. Daniel Ruggiero e ha desempe\u00f1ado como bandoneonista y arreglador en Argentina y en el exterior trabajando, entre otros, con artistas como Ra\u00fal Lavi\u00e9, Guillermo Fern\u00e1ndez, Atilio Stampone, Jos\u00e9 Col\u00e1ngelo y Julia [&hellip;]<\/p>\n","protected":false},"author":1,"featured_media":10206,"comment_status":"closed","ping_status":"closed","sticky":false,"template":"","format":"standard","meta":{"footnotes":""},"categories":[53],"tags":[],"class_list":["post-10205","post","type-post","status-publish","format-standard","has-post-thumbnail","hentry","category-noticias-generales"],"lang":"es","translations":{"es":10205,"pt":10208},"pll_sync_post":[],"post_mailing_queue_ids":[],"_links":{"self":[{"href":"http:\/\/staging.ibermusicas.org\/index.php\/wp-json\/wp\/v2\/posts\/10205","targetHints":{"allow":["GET"]}}],"collection":[{"href":"http:\/\/staging.ibermusicas.org\/index.php\/wp-json\/wp\/v2\/posts"}],"about":[{"href":"http:\/\/staging.ibermusicas.org\/index.php\/wp-json\/wp\/v2\/types\/post"}],"author":[{"embeddable":true,"href":"http:\/\/staging.ibermusicas.org\/index.php\/wp-json\/wp\/v2\/users\/1"}],"replies":[{"embeddable":true,"href":"http:\/\/staging.ibermusicas.org\/index.php\/wp-json\/wp\/v2\/comments?post=10205"}],"version-history":[{"count":1,"href":"http:\/\/staging.ibermusicas.org\/index.php\/wp-json\/wp\/v2\/posts\/10205\/revisions"}],"predecessor-version":[{"id":10207,"href":"http:\/\/staging.ibermusicas.org\/index.php\/wp-json\/wp\/v2\/posts\/10205\/revisions\/10207"}],"wp:featuredmedia":[{"embeddable":true,"href":"http:\/\/staging.ibermusicas.org\/index.php\/wp-json\/wp\/v2\/media\/10206"}],"wp:attachment":[{"href":"http:\/\/staging.ibermusicas.org\/index.php\/wp-json\/wp\/v2\/media?parent=10205"}],"wp:term":[{"taxonomy":"category","embeddable":true,"href":"http:\/\/staging.ibermusicas.org\/index.php\/wp-json\/wp\/v2\/categories?post=10205"},{"taxonomy":"post_tag","embeddable":true,"href":"http:\/\/staging.ibermusicas.org\/index.php\/wp-json\/wp\/v2\/tags?post=10205"}],"curies":[{"name":"wp","href":"https:\/\/api.w.org\/{rel}","templated":true}]}}