{"id":10208,"date":"2021-10-04T17:18:35","date_gmt":"2021-10-04T17:18:35","guid":{"rendered":"http:\/\/staging.ibermusicas.org\/?p=10208"},"modified":"2021-10-04T17:18:35","modified_gmt":"2021-10-04T17:18:35","slug":"o-bandonionista-e-compositor-argentino-daniel-ruggiero-estreara-sua-obra-imagens-e-realizara-um-concerto-de-homenagem-a-astor-piazzolla-no-marco-do-festival-interviolas-de-bogota-colombia","status":"publish","type":"post","link":"http:\/\/staging.ibermusicas.org\/index.php\/o-bandonionista-e-compositor-argentino-daniel-ruggiero-estreara-sua-obra-imagens-e-realizara-um-concerto-de-homenagem-a-astor-piazzolla-no-marco-do-festival-interviolas-de-bogota-colombia\/","title":{"rendered":"O bandonionista e compositor argentino Daniel Ruggiero estrear\u00e1 sua obra \u00abImagens\u00bb e realizar\u00e1 um concerto de homenagem a Astor Piazzolla no marco do Festival Interviolas de Bogot\u00e1, Col\u00f4mbia"},"content":{"rendered":"<p>\u00abCreio que a tradi\u00e7\u00e3o do g\u00eanero \u00e9 inovar\u00bb, diz Daniel Ruggiero, marcando uma declara\u00e7\u00e3o de princ\u00edpios sobre o tango como g\u00eanero em constante evolu\u00e7\u00e3o.<\/p>\n<p>Daniel Ruggiero tem se desempenhado como bandoneonista e arranjador na Argentina e no exterior trabalhando, entre outros, com artistas como Ra\u00fal Lavi\u00e9, Guillermo Fern\u00e1ndez, Atilio Stampone, Jos\u00e9 Col\u00e1ngelo e Julia Zenko, al\u00e9m de atuar com diversas orquestras sinf\u00f4nicas. Formou o Quasimodo Trio, com o qual gravou seu primeiro disco e realizou tr\u00eas turn\u00eas pela Europa, onde registrou seu segundo CD, Amsterd\u00e3; e editou seu terceiro trabalho, Acontrayumba. Em 2013 estreou no Festival de Tango de Buenos Aires seu Duplo Concerto para violino, band\u00f4nio e orquestra de cordas, junto ao violinista Mat\u00edas Grande e \u00e0 Orquestra de Cordas Elvino Vardaro. \u00c9 filho de Osvaldo Ruggiero (1922-1994), outro bandoneonista de grande presen\u00e7a na tradi\u00e7\u00e3o do tango que integrou a Orquestra de Osvaldo Pugliese.<\/p>\n<p>Depois de seu primeiro disco solista, \u00abBand\u00f4nio \u00e9 Cultura\u00bb (2017) -que inclui novos arranjos e composi\u00e7\u00f5es-, o m\u00fasico e docente nascido em 1979, lan\u00e7ou seu segundo disco solista, \u00abBand\u00f4nio de concerto\u00bb, um trabalho que busca contribuir com um novo olhar no instrumento e no g\u00eanero, conjugando a m\u00fasica acad\u00eamica e o tango onde a voz do band\u00f4nio se escuta \u00e0 frente de uma sinf\u00f4nica, explorando em todas as possibilidades sonoras do instrumento. O novo \u00e1lbum \u00e9 composto por duas obras cada uma de tr\u00eas movimentos: a primeira, \u00abBando e banda\u00bb, \u00e9 um concerto para band\u00f4nio e ensamble orquestral; e a segunda, \u00abDe n\u00e1car\u00bb, \u00e9 um duplo concerto para dois band\u00f4nios com orquestra de cordas e marimba. Com este trabalho encerra uma etapa compositiva que \u00e9 resultado de anos de estudo na dire\u00e7\u00e3o orquestral.<\/p>\n<p>Convidado como compositor, arranjador e bandonionista ao Festival Internacional de violas Interviolas da cidade de Bogot\u00e1, Col\u00f4mbia, Daniel Ruggiero estrear\u00e1 sua obra \u00abImagens\u00bb para viola e band\u00f4nio.<\/p>\n<p>Interviolas \u00e9 um espa\u00e7o criado em 2010 com a finalidade de acolher toda a comunidade de violistas colombianos e latino-americanos; desde ent\u00e3o o festival se realiza a cada dois anos no Conservat\u00f3rio de M\u00fasica da Universidade Nacional da Col\u00f4mbia. Ele oferece uma variedade de aulas e workshops sobre temas pr\u00e1ticos e enriquecedores, reunindo um painel nacional e internacional de violonistas distintos e realizando concertos em reconhecidos audit\u00f3rios da cidade.<\/p>\n<p>Quinta-feira, 2 de Outubro, 15:00. (Hor\u00e1rio da Col\u00f4mbia), Bogot\u00e1, Col\u00f4mbia<br \/>\nSexta-feira, 3 de Outubro, \u00e0s 17h00. (Hor\u00e1rio da Col\u00f4mbia), Bogot\u00e1, Col\u00f4mbia<\/p>\n","protected":false},"excerpt":{"rendered":"<p>\u00abCreio que a tradi\u00e7\u00e3o do g\u00eanero \u00e9 inovar\u00bb, diz Daniel Ruggiero, marcando uma declara\u00e7\u00e3o de princ\u00edpios sobre o tango como g\u00eanero em constante evolu\u00e7\u00e3o. Daniel Ruggiero tem se desempenhado como bandoneonista e arranjador na Argentina e no exterior trabalhando, entre outros, com artistas como Ra\u00fal Lavi\u00e9, Guillermo Fern\u00e1ndez, Atilio Stampone, Jos\u00e9 Col\u00e1ngelo e Julia Zenko, [&hellip;]<\/p>\n","protected":false},"author":1,"featured_media":10206,"comment_status":"closed","ping_status":"closed","sticky":false,"template":"","format":"standard","meta":{"footnotes":""},"categories":[218],"tags":[],"class_list":["post-10208","post","type-post","status-publish","format-standard","has-post-thumbnail","hentry","category-noticias-generales-pt"],"lang":"pt","translations":{"pt":10208,"es":10205},"pll_sync_post":[],"post_mailing_queue_ids":[],"_links":{"self":[{"href":"http:\/\/staging.ibermusicas.org\/index.php\/wp-json\/wp\/v2\/posts\/10208","targetHints":{"allow":["GET"]}}],"collection":[{"href":"http:\/\/staging.ibermusicas.org\/index.php\/wp-json\/wp\/v2\/posts"}],"about":[{"href":"http:\/\/staging.ibermusicas.org\/index.php\/wp-json\/wp\/v2\/types\/post"}],"author":[{"embeddable":true,"href":"http:\/\/staging.ibermusicas.org\/index.php\/wp-json\/wp\/v2\/users\/1"}],"replies":[{"embeddable":true,"href":"http:\/\/staging.ibermusicas.org\/index.php\/wp-json\/wp\/v2\/comments?post=10208"}],"version-history":[{"count":1,"href":"http:\/\/staging.ibermusicas.org\/index.php\/wp-json\/wp\/v2\/posts\/10208\/revisions"}],"predecessor-version":[{"id":10209,"href":"http:\/\/staging.ibermusicas.org\/index.php\/wp-json\/wp\/v2\/posts\/10208\/revisions\/10209"}],"wp:featuredmedia":[{"embeddable":true,"href":"http:\/\/staging.ibermusicas.org\/index.php\/wp-json\/wp\/v2\/media\/10206"}],"wp:attachment":[{"href":"http:\/\/staging.ibermusicas.org\/index.php\/wp-json\/wp\/v2\/media?parent=10208"}],"wp:term":[{"taxonomy":"category","embeddable":true,"href":"http:\/\/staging.ibermusicas.org\/index.php\/wp-json\/wp\/v2\/categories?post=10208"},{"taxonomy":"post_tag","embeddable":true,"href":"http:\/\/staging.ibermusicas.org\/index.php\/wp-json\/wp\/v2\/tags?post=10208"}],"curies":[{"name":"wp","href":"https:\/\/api.w.org\/{rel}","templated":true}]}}