{"id":10213,"date":"2021-10-04T17:23:06","date_gmt":"2021-10-04T17:23:06","guid":{"rendered":"http:\/\/staging.ibermusicas.org\/?p=10213"},"modified":"2021-11-01T19:02:31","modified_gmt":"2021-11-01T19:02:31","slug":"o-coletivo-maiz-negro-do-mexico-apresentou-seu-concerto-virtual-com-a-participacao-de-artistas-da-argentina-e-do-brasil","status":"publish","type":"post","link":"http:\/\/staging.ibermusicas.org\/index.php\/o-coletivo-maiz-negro-do-mexico-apresentou-seu-concerto-virtual-com-a-participacao-de-artistas-da-argentina-e-do-brasil\/","title":{"rendered":"O Coletivo Ma\u00edz Negro do M\u00e9xico apresentou seu Concerto Virtual com a participa\u00e7\u00e3o de artistas da Argentina e do Brasil"},"content":{"rendered":"<p>Ma\u00edz Negro \u00e9 um coletivo de jovens m\u00fasicos e bailarinos mexicanos dedicados ao estudo, execu\u00e7\u00e3o e promo\u00e7\u00e3o de m\u00fasicas e dan\u00e7as do oeste africano, bem como de Cuba, Brasil e M\u00e9xico. Esta proposta interdisciplinar nasce com a inten\u00e7\u00e3o de entreter um espet\u00e1culo colorido e cheio de matizes, uma mesti\u00e7agem feita experi\u00eancia visual e musical.<\/p>\n<p>T\u00eam uma carreira profissional de mais de 15 anos. Eles fizeram v\u00e1rias viagens de estudo para compreender as express\u00f5es art\u00edsticas praticadas em seus contextos tradicionais originais. Assim tamb\u00e9m ampliam sua forma\u00e7\u00e3o art\u00edstica com estudos individuais em diversos g\u00eaneros que complementam sua bagagem.<\/p>\n<p>Eles foram apresentados em v\u00e1rios f\u00f3runs e festivais do M\u00e9xico. Compartilharam exposi\u00e7\u00f5es fotogr\u00e1ficas, document\u00e1rios, conversas e oficinas de dan\u00e7a e percuss\u00e3o em muitas cidades do M\u00e9xico, Am\u00e9rica Latina e Europa. Al\u00e9m disso, refor\u00e7aram seu compromisso com a reivindica\u00e7\u00e3o e dignifica\u00e7\u00e3o da raiz afro no M\u00e9xico, produzindo semin\u00e1rios, concertos, mostras e festivais internacionais com professores origin\u00e1rios.<\/p>\n<p>Ver v\u00eddeo em:\u00a0<a href=\"https:\/\/lt.mydplr.com\/9af2c720d9501632766e385556c2e52a-81868bec073b3970fa62af291f12b42d\" target=\"_blank\" rel=\"noopener\" data-saferedirecturl=\"https:\/\/www.google.com\/url?q=https:\/\/lt.mydplr.com\/9af2c720d9501632766e385556c2e52a-81868bec073b3970fa62af291f12b42d&amp;source=gmail&amp;ust=1633450248738000&amp;usg=AFQjCNFsNTvPKrn4zqrMIi1KiHCsUZBvYA\">youtube.com<\/a><\/p>\n","protected":false},"excerpt":{"rendered":"<p>Ma\u00edz Negro \u00e9 um coletivo de jovens m\u00fasicos e bailarinos mexicanos dedicados ao estudo, execu\u00e7\u00e3o e promo\u00e7\u00e3o de m\u00fasicas e dan\u00e7as do oeste africano, bem como de Cuba, Brasil e M\u00e9xico. Esta proposta interdisciplinar nasce com a inten\u00e7\u00e3o de entreter um espet\u00e1culo colorido e cheio de matizes, uma mesti\u00e7agem feita experi\u00eancia visual e musical. T\u00eam [&hellip;]<\/p>\n","protected":false},"author":1,"featured_media":10211,"comment_status":"closed","ping_status":"closed","sticky":false,"template":"","format":"standard","meta":{"footnotes":""},"categories":[218],"tags":[],"class_list":["post-10213","post","type-post","status-publish","format-standard","has-post-thumbnail","hentry","category-noticias-generales-pt"],"lang":"pt","translations":{"pt":10213,"es":10210},"pll_sync_post":[],"post_mailing_queue_ids":[],"_links":{"self":[{"href":"http:\/\/staging.ibermusicas.org\/index.php\/wp-json\/wp\/v2\/posts\/10213","targetHints":{"allow":["GET"]}}],"collection":[{"href":"http:\/\/staging.ibermusicas.org\/index.php\/wp-json\/wp\/v2\/posts"}],"about":[{"href":"http:\/\/staging.ibermusicas.org\/index.php\/wp-json\/wp\/v2\/types\/post"}],"author":[{"embeddable":true,"href":"http:\/\/staging.ibermusicas.org\/index.php\/wp-json\/wp\/v2\/users\/1"}],"replies":[{"embeddable":true,"href":"http:\/\/staging.ibermusicas.org\/index.php\/wp-json\/wp\/v2\/comments?post=10213"}],"version-history":[{"count":1,"href":"http:\/\/staging.ibermusicas.org\/index.php\/wp-json\/wp\/v2\/posts\/10213\/revisions"}],"predecessor-version":[{"id":10214,"href":"http:\/\/staging.ibermusicas.org\/index.php\/wp-json\/wp\/v2\/posts\/10213\/revisions\/10214"}],"wp:featuredmedia":[{"embeddable":true,"href":"http:\/\/staging.ibermusicas.org\/index.php\/wp-json\/wp\/v2\/media\/10211"}],"wp:attachment":[{"href":"http:\/\/staging.ibermusicas.org\/index.php\/wp-json\/wp\/v2\/media?parent=10213"}],"wp:term":[{"taxonomy":"category","embeddable":true,"href":"http:\/\/staging.ibermusicas.org\/index.php\/wp-json\/wp\/v2\/categories?post=10213"},{"taxonomy":"post_tag","embeddable":true,"href":"http:\/\/staging.ibermusicas.org\/index.php\/wp-json\/wp\/v2\/tags?post=10213"}],"curies":[{"name":"wp","href":"https:\/\/api.w.org\/{rel}","templated":true}]}}