{"id":10220,"date":"2021-10-04T17:27:24","date_gmt":"2021-10-04T17:27:24","guid":{"rendered":"http:\/\/staging.ibermusicas.org\/?p=10220"},"modified":"2021-10-04T17:27:24","modified_gmt":"2021-10-04T17:27:24","slug":"desde-peru-el-v-festival-de-musica-y-danza-nativa-convoca-a-artistas-para-formar-parte-de-su-programacion","status":"publish","type":"post","link":"http:\/\/staging.ibermusicas.org\/index.php\/desde-peru-el-v-festival-de-musica-y-danza-nativa-convoca-a-artistas-para-formar-parte-de-su-programacion\/","title":{"rendered":"Desde Per\u00fa el V Festival de M\u00fasica y Danza Nativa convoca a artistas para formar parte de su programaci\u00f3n"},"content":{"rendered":"<p>El Festival de M\u00fasica y Danza Nativa pone a la provincia de Calca, Capital del Valle Sagrado de los Incas, en el mapa mundial de los festivales m\u00e1s originales y de calidad de lo que se conoce como World Music, buscando posicionar la provincia de Calca dentro de los mejores destinos tur\u00edsticos del Per\u00fa, con abundante cultura viva, as\u00ed como el desarrollo del Centro arqueol\u00f3gico de Huchuy Qosqo como atractivo principal.<\/p>\n<p>El Festival busca la integraci\u00f3n e intercambio entre artistas, intelectuales y p\u00fablico local, reuniendo a exponentes nacionales e internacionales de reconocida trayectoria junto a otros nuevos con la misma buena calidad.<\/p>\n<p>En palabras de Ricardo Antonio Silva Rivas, m\u00fasico y gestor cultural peruano creador del festival: \u201cUno de los aspectos m\u00e1s importantes del festival es su car\u00e1cter de encuentro para que los artistas se conozcan, conozcan las culturas que representan y establezcan un v\u00ednculo hacia adelante\u201d.<\/p>\n","protected":false},"excerpt":{"rendered":"<p>El Festival de M\u00fasica y Danza Nativa pone a la provincia de Calca, Capital del Valle Sagrado de los Incas, en el mapa mundial de los festivales m\u00e1s originales y de calidad de lo que se conoce como World Music, buscando posicionar la provincia de Calca dentro de los mejores destinos tur\u00edsticos del Per\u00fa, con [&hellip;]<\/p>\n","protected":false},"author":1,"featured_media":10221,"comment_status":"closed","ping_status":"closed","sticky":false,"template":"","format":"standard","meta":{"footnotes":""},"categories":[53],"tags":[],"class_list":["post-10220","post","type-post","status-publish","format-standard","has-post-thumbnail","hentry","category-noticias-generales"],"lang":"es","translations":{"es":10220,"pt":10223},"pll_sync_post":[],"post_mailing_queue_ids":[],"_links":{"self":[{"href":"http:\/\/staging.ibermusicas.org\/index.php\/wp-json\/wp\/v2\/posts\/10220","targetHints":{"allow":["GET"]}}],"collection":[{"href":"http:\/\/staging.ibermusicas.org\/index.php\/wp-json\/wp\/v2\/posts"}],"about":[{"href":"http:\/\/staging.ibermusicas.org\/index.php\/wp-json\/wp\/v2\/types\/post"}],"author":[{"embeddable":true,"href":"http:\/\/staging.ibermusicas.org\/index.php\/wp-json\/wp\/v2\/users\/1"}],"replies":[{"embeddable":true,"href":"http:\/\/staging.ibermusicas.org\/index.php\/wp-json\/wp\/v2\/comments?post=10220"}],"version-history":[{"count":1,"href":"http:\/\/staging.ibermusicas.org\/index.php\/wp-json\/wp\/v2\/posts\/10220\/revisions"}],"predecessor-version":[{"id":10222,"href":"http:\/\/staging.ibermusicas.org\/index.php\/wp-json\/wp\/v2\/posts\/10220\/revisions\/10222"}],"wp:featuredmedia":[{"embeddable":true,"href":"http:\/\/staging.ibermusicas.org\/index.php\/wp-json\/wp\/v2\/media\/10221"}],"wp:attachment":[{"href":"http:\/\/staging.ibermusicas.org\/index.php\/wp-json\/wp\/v2\/media?parent=10220"}],"wp:term":[{"taxonomy":"category","embeddable":true,"href":"http:\/\/staging.ibermusicas.org\/index.php\/wp-json\/wp\/v2\/categories?post=10220"},{"taxonomy":"post_tag","embeddable":true,"href":"http:\/\/staging.ibermusicas.org\/index.php\/wp-json\/wp\/v2\/tags?post=10220"}],"curies":[{"name":"wp","href":"https:\/\/api.w.org\/{rel}","templated":true}]}}