{"id":10223,"date":"2021-10-04T17:28:38","date_gmt":"2021-10-04T17:28:38","guid":{"rendered":"http:\/\/staging.ibermusicas.org\/?p=10223"},"modified":"2021-10-04T17:28:38","modified_gmt":"2021-10-04T17:28:38","slug":"do-peru-o-v-festival-de-musica-e-danca-nativa-convoca-artistas-para-fazer-parte-de-sua-programacao","status":"publish","type":"post","link":"http:\/\/staging.ibermusicas.org\/index.php\/do-peru-o-v-festival-de-musica-e-danca-nativa-convoca-artistas-para-fazer-parte-de-sua-programacao\/","title":{"rendered":"Do Peru, o V Festival de M\u00fasica e Dan\u00e7a Nativa convoca artistas para fazer parte de sua programa\u00e7\u00e3o"},"content":{"rendered":"<p>O Festival de M\u00fasica e Dan\u00e7a Nativa coloca a prov\u00edncia de Calca, Capital do Vale Sagrado dos Incas, no mapa mundial dos festivais mais originais e de qualidade do que \u00e9 conhecido como World Music, buscando posicionar a prov\u00edncia de Calca dentro dos melhores destinos tur\u00edsticos do Peru, com abundante cultura viva, bem como o desenvolvimento do Centro arqueol\u00f3gico de Huchuy Qosqo como atra\u00e7\u00e3o principal.<\/p>\n<p>O Festival busca a integra\u00e7\u00e3o e interc\u00e2mbio entre artistas, intelectuais e p\u00fablico local, reunindo expoentes nacionais e internacionais de reconhecida trajet\u00f3ria junto a outros novos com a mesma boa qualidade.<\/p>\n<p>Nas palavras de Ricardo Antonio Silva Rivas, m\u00fasico e gestor cultural peruano criador do festival: \u00abUm dos aspectos mais importantes do festival \u00e9 seu car\u00e1ter de encontro para que os artistas se conhe\u00e7am, conhe\u00e7am as culturas que representam e estabele\u00e7am um v\u00ednculo para a frente\u00bb.<\/p>\n","protected":false},"excerpt":{"rendered":"<p>O Festival de M\u00fasica e Dan\u00e7a Nativa coloca a prov\u00edncia de Calca, Capital do Vale Sagrado dos Incas, no mapa mundial dos festivais mais originais e de qualidade do que \u00e9 conhecido como World Music, buscando posicionar a prov\u00edncia de Calca dentro dos melhores destinos tur\u00edsticos do Peru, com abundante cultura viva, bem como o [&hellip;]<\/p>\n","protected":false},"author":1,"featured_media":10221,"comment_status":"closed","ping_status":"closed","sticky":false,"template":"","format":"standard","meta":{"footnotes":""},"categories":[218],"tags":[],"class_list":["post-10223","post","type-post","status-publish","format-standard","has-post-thumbnail","hentry","category-noticias-generales-pt"],"lang":"pt","translations":{"pt":10223,"es":10220},"pll_sync_post":[],"post_mailing_queue_ids":[],"_links":{"self":[{"href":"http:\/\/staging.ibermusicas.org\/index.php\/wp-json\/wp\/v2\/posts\/10223","targetHints":{"allow":["GET"]}}],"collection":[{"href":"http:\/\/staging.ibermusicas.org\/index.php\/wp-json\/wp\/v2\/posts"}],"about":[{"href":"http:\/\/staging.ibermusicas.org\/index.php\/wp-json\/wp\/v2\/types\/post"}],"author":[{"embeddable":true,"href":"http:\/\/staging.ibermusicas.org\/index.php\/wp-json\/wp\/v2\/users\/1"}],"replies":[{"embeddable":true,"href":"http:\/\/staging.ibermusicas.org\/index.php\/wp-json\/wp\/v2\/comments?post=10223"}],"version-history":[{"count":1,"href":"http:\/\/staging.ibermusicas.org\/index.php\/wp-json\/wp\/v2\/posts\/10223\/revisions"}],"predecessor-version":[{"id":10224,"href":"http:\/\/staging.ibermusicas.org\/index.php\/wp-json\/wp\/v2\/posts\/10223\/revisions\/10224"}],"wp:featuredmedia":[{"embeddable":true,"href":"http:\/\/staging.ibermusicas.org\/index.php\/wp-json\/wp\/v2\/media\/10221"}],"wp:attachment":[{"href":"http:\/\/staging.ibermusicas.org\/index.php\/wp-json\/wp\/v2\/media?parent=10223"}],"wp:term":[{"taxonomy":"category","embeddable":true,"href":"http:\/\/staging.ibermusicas.org\/index.php\/wp-json\/wp\/v2\/categories?post=10223"},{"taxonomy":"post_tag","embeddable":true,"href":"http:\/\/staging.ibermusicas.org\/index.php\/wp-json\/wp\/v2\/tags?post=10223"}],"curies":[{"name":"wp","href":"https:\/\/api.w.org\/{rel}","templated":true}]}}