{"id":10225,"date":"2021-10-04T17:29:54","date_gmt":"2021-10-04T17:29:54","guid":{"rendered":"http:\/\/staging.ibermusicas.org\/?p=10225"},"modified":"2021-11-01T18:58:26","modified_gmt":"2021-11-01T18:58:26","slug":"se-realizara-en-uruguay-el-tercer-encuentro-de-musica-corporal","status":"publish","type":"post","link":"http:\/\/staging.ibermusicas.org\/index.php\/se-realizara-en-uruguay-el-tercer-encuentro-de-musica-corporal\/","title":{"rendered":"Se realizar\u00e1 en Uruguay el Tercer Encuentro de M\u00fasica Corporal."},"content":{"rendered":"<p>Con actividades presenciales y virtuales el colectivo BANDE \u00b7 M\u00fasica Corporal organiza el 3er Encuentro de M\u00fasica Corporal de Uruguay.<\/p>\n<p>El Encuentro de M\u00fasica Corporal surgi\u00f3 en 2017 con el objetivo de generar espacios de intercambio, talleres y espect\u00e1culos en torno a la m\u00fasica y percusi\u00f3n corporal entendiendo a la m\u00fasica corporal como parte de un movimiento, en el que se reflexiona sobre el cuerpo, la m\u00fasica, el arte. El encuentro pretende ser un espacio que abra las puertas a la creatividad utilizando la m\u00fasica corporal como recurso did\u00e1ctico y de expresi\u00f3n.<\/p>\n<p>Mi\u00e9rcoles 13 y jueves 14 de octubre de 16:00 a 18:30 hs. Taller virtual de m\u00fasica Corporal (facilita: Tais Baliero &#8211; Brasil<br \/>\nS\u00e1bado 16 de octubre de 9:30 a 13:30 hs. en Espacio Cultural Sarand\u00ed. Taller presencial de acercamiento a la m\u00fasica corporal como herramienta did\u00e1ctica (facilita BANDE)<br \/>\nS\u00e1bado 16 de octubre de 19:00 hs. Tertulia virtual \u00abUn concierto para la escena. La interdisciplinariedad en la m\u00fasica corporal\u00bb. Participan: Florencia Delgado (Uy), Richard Riveiro (Uy) y Anita Gritsch (Austria)<br \/>\nMartes 19 y jueves 21 de octubre de 18:30 a 21:00 hs. Taller virtual de canto coral y liderazgo innovador (facilita: Fede Trindade &#8211; Uy\/Br)<br \/>\nS\u00e1bado 23 de octubre de 10:30 a 13:30 hs. en Espacio Cultural Sarand\u00ed. Taller presencial de m\u00fasica corporal y ritmos brasile\u00f1os (facilita Gui Augusto -BR)<br \/>\nS\u00e1bado 30 de octubre de 10:30 a 13:30 hs. Taller presencial de m\u00fasica corporal para personas con conocimiento y experiencia previa en Espacio Cultural Sarand\u00ed (facilita BANDE)<br \/>\nS\u00e1bado 30 de octubre de 20:30 hs. Concierto por streaming de BARBATUQUES de Brasil.<\/p>\n","protected":false},"excerpt":{"rendered":"<p>Con actividades presenciales y virtuales el colectivo BANDE \u00b7 M\u00fasica Corporal organiza el 3er Encuentro de M\u00fasica Corporal de Uruguay. El Encuentro de M\u00fasica Corporal surgi\u00f3 en 2017 con el objetivo de generar espacios de intercambio, talleres y espect\u00e1culos en torno a la m\u00fasica y percusi\u00f3n corporal entendiendo a la m\u00fasica corporal como parte de [&hellip;]<\/p>\n","protected":false},"author":1,"featured_media":10226,"comment_status":"closed","ping_status":"closed","sticky":false,"template":"","format":"standard","meta":{"footnotes":""},"categories":[53],"tags":[],"class_list":["post-10225","post","type-post","status-publish","format-standard","has-post-thumbnail","hentry","category-noticias-generales"],"lang":"es","translations":{"es":10225,"pt":10228},"pll_sync_post":[],"post_mailing_queue_ids":[],"_links":{"self":[{"href":"http:\/\/staging.ibermusicas.org\/index.php\/wp-json\/wp\/v2\/posts\/10225","targetHints":{"allow":["GET"]}}],"collection":[{"href":"http:\/\/staging.ibermusicas.org\/index.php\/wp-json\/wp\/v2\/posts"}],"about":[{"href":"http:\/\/staging.ibermusicas.org\/index.php\/wp-json\/wp\/v2\/types\/post"}],"author":[{"embeddable":true,"href":"http:\/\/staging.ibermusicas.org\/index.php\/wp-json\/wp\/v2\/users\/1"}],"replies":[{"embeddable":true,"href":"http:\/\/staging.ibermusicas.org\/index.php\/wp-json\/wp\/v2\/comments?post=10225"}],"version-history":[{"count":1,"href":"http:\/\/staging.ibermusicas.org\/index.php\/wp-json\/wp\/v2\/posts\/10225\/revisions"}],"predecessor-version":[{"id":10227,"href":"http:\/\/staging.ibermusicas.org\/index.php\/wp-json\/wp\/v2\/posts\/10225\/revisions\/10227"}],"wp:featuredmedia":[{"embeddable":true,"href":"http:\/\/staging.ibermusicas.org\/index.php\/wp-json\/wp\/v2\/media\/10226"}],"wp:attachment":[{"href":"http:\/\/staging.ibermusicas.org\/index.php\/wp-json\/wp\/v2\/media?parent=10225"}],"wp:term":[{"taxonomy":"category","embeddable":true,"href":"http:\/\/staging.ibermusicas.org\/index.php\/wp-json\/wp\/v2\/categories?post=10225"},{"taxonomy":"post_tag","embeddable":true,"href":"http:\/\/staging.ibermusicas.org\/index.php\/wp-json\/wp\/v2\/tags?post=10225"}],"curies":[{"name":"wp","href":"https:\/\/api.w.org\/{rel}","templated":true}]}}