{"id":10228,"date":"2021-10-04T17:31:17","date_gmt":"2021-10-04T17:31:17","guid":{"rendered":"http:\/\/staging.ibermusicas.org\/?p=10228"},"modified":"2021-11-01T19:02:10","modified_gmt":"2021-11-01T19:02:10","slug":"sera-realizado-no-uruguai-o-terceiro-encontro-de-musica-corporal","status":"publish","type":"post","link":"http:\/\/staging.ibermusicas.org\/index.php\/sera-realizado-no-uruguai-o-terceiro-encontro-de-musica-corporal\/","title":{"rendered":"Ser\u00e1 realizado no Uruguai o Terceiro Encontro de M\u00fasica Corporal"},"content":{"rendered":"<p>Com atividades presenciais e virtuais o coletivo BANDE M\u00fasica Corporal organiza o 3\u00ba Encontro de M\u00fasica Corporal do Uruguai.<\/p>\n<p>O Encontro de M\u00fasica Corporal surgiu em 2017 com o objetivo de gerar espa\u00e7os de interc\u00e2mbio, oficinas e espet\u00e1culos em torno da m\u00fasica e percuss\u00e3o corporal entendendo a m\u00fasica corporal como parte de um movimento, no qual se reflete sobre o corpo, a m\u00fasica, a arte. O encontro pretende ser um espa\u00e7o que abra as portas \u00e0 criatividade utilizando a m\u00fasica corporal como recurso did\u00e1tico e de express\u00e3o.<\/p>\n<p>Quarta-feira 13 e quinta-feira 14 de outubro das 16:00 \u00e0s 18:30 hs. Oficina virtual de m\u00fasica Corporal (facilita: Tais Baliero &#8211; Brasil)<br \/>\nS\u00e1bado 16 de outubro das 9:30 \u00e0s 13:30 hs. no Espa\u00e7o Cultural Sarand\u00ed. Oficina presencial de aproxima\u00e7\u00e3o \u00e0 m\u00fasica corporal como ferramenta did\u00e1tica (facilita BANDE)<br \/>\nS\u00e1bado 16 de outubro das 19:00 hs. Tertulia virtual \u00abUm concerto para a cena. A interdisciplinaridade na m\u00fasica corporal\u00bb. Participam: Floren\u00e7a Delgado (Uy), Richard Riveiro (Uy) e Anita Gritsch (\u00c1ustria)<br \/>\nTer\u00e7a-feira 19 e quinta-feira 21 de outubro das 18:30 \u00e0s 21:00 hs. Oficina virtual de canto coral e lideran\u00e7a inovadora (facilita: Fede Trindade &#8211; Uy\/Br)<br \/>\nS\u00e1bado 23 de outubro das 10:30 \u00e0s 13:30 hs. no Espa\u00e7o Cultural Sarand\u00ed. Oficina presencial de m\u00fasica corporal e ritmos brasileiros (facilita Gui Augusto -BR)<br \/>\nS\u00e1bado 30 de outubro das 10:30 \u00e0s 13:30 hs. Oficina presencial de m\u00fasica corporal para pessoas com conhecimento e experi\u00eancia pr\u00e9via no Espa\u00e7o Cultural Sarand\u00ed (facilita BANDE)<br \/>\nS\u00e1bado 30 de outubro das 20:30 hs. Concerto por streaming de BARBATUQUES do Brasil.<\/p>\n","protected":false},"excerpt":{"rendered":"<p>Com atividades presenciais e virtuais o coletivo BANDE M\u00fasica Corporal organiza o 3\u00ba Encontro de M\u00fasica Corporal do Uruguai. O Encontro de M\u00fasica Corporal surgiu em 2017 com o objetivo de gerar espa\u00e7os de interc\u00e2mbio, oficinas e espet\u00e1culos em torno da m\u00fasica e percuss\u00e3o corporal entendendo a m\u00fasica corporal como parte de um movimento, no [&hellip;]<\/p>\n","protected":false},"author":1,"featured_media":10226,"comment_status":"closed","ping_status":"closed","sticky":false,"template":"","format":"standard","meta":{"footnotes":""},"categories":[218],"tags":[],"class_list":["post-10228","post","type-post","status-publish","format-standard","has-post-thumbnail","hentry","category-noticias-generales-pt"],"lang":"pt","translations":{"pt":10228,"es":10225},"pll_sync_post":[],"post_mailing_queue_ids":[],"_links":{"self":[{"href":"http:\/\/staging.ibermusicas.org\/index.php\/wp-json\/wp\/v2\/posts\/10228","targetHints":{"allow":["GET"]}}],"collection":[{"href":"http:\/\/staging.ibermusicas.org\/index.php\/wp-json\/wp\/v2\/posts"}],"about":[{"href":"http:\/\/staging.ibermusicas.org\/index.php\/wp-json\/wp\/v2\/types\/post"}],"author":[{"embeddable":true,"href":"http:\/\/staging.ibermusicas.org\/index.php\/wp-json\/wp\/v2\/users\/1"}],"replies":[{"embeddable":true,"href":"http:\/\/staging.ibermusicas.org\/index.php\/wp-json\/wp\/v2\/comments?post=10228"}],"version-history":[{"count":1,"href":"http:\/\/staging.ibermusicas.org\/index.php\/wp-json\/wp\/v2\/posts\/10228\/revisions"}],"predecessor-version":[{"id":10229,"href":"http:\/\/staging.ibermusicas.org\/index.php\/wp-json\/wp\/v2\/posts\/10228\/revisions\/10229"}],"wp:featuredmedia":[{"embeddable":true,"href":"http:\/\/staging.ibermusicas.org\/index.php\/wp-json\/wp\/v2\/media\/10226"}],"wp:attachment":[{"href":"http:\/\/staging.ibermusicas.org\/index.php\/wp-json\/wp\/v2\/media?parent=10228"}],"wp:term":[{"taxonomy":"category","embeddable":true,"href":"http:\/\/staging.ibermusicas.org\/index.php\/wp-json\/wp\/v2\/categories?post=10228"},{"taxonomy":"post_tag","embeddable":true,"href":"http:\/\/staging.ibermusicas.org\/index.php\/wp-json\/wp\/v2\/tags?post=10228"}],"curies":[{"name":"wp","href":"https:\/\/api.w.org\/{rel}","templated":true}]}}