{"id":10230,"date":"2021-10-04T17:35:29","date_gmt":"2021-10-04T17:35:29","guid":{"rendered":"http:\/\/staging.ibermusicas.org\/?p=10230"},"modified":"2021-11-01T18:58:15","modified_gmt":"2021-11-01T18:58:15","slug":"durante-el-mes-de-octubre-el-grupo-pies-en-la-tierra-de-ecuador-realizara-el-lanzamiento-en-las-redes-de-sus-nuevas-creaciones","status":"publish","type":"post","link":"http:\/\/staging.ibermusicas.org\/index.php\/durante-el-mes-de-octubre-el-grupo-pies-en-la-tierra-de-ecuador-realizara-el-lanzamiento-en-las-redes-de-sus-nuevas-creaciones\/","title":{"rendered":"Durante el mes de octubre el grupo \u201cPies en la tierra\u201d de Ecuador realizar\u00e1 el lanzamiento en las redes de sus nuevas creaciones"},"content":{"rendered":"<p>Pies en la Tierra es un grupo formado en el 2003 por Cayo Iturralde y Raimon Rovira. El objetivo primordial fue siempre el componer m\u00fasica original basada en ritmos ecuatorianos y sud-americanos.<\/p>\n<p>Cuentan con seis trabajos discogr\u00e1ficos: \u201cPies en la Tierra\u201d \u2013 2004, \u201cParte de\u2026\u201d \u2013 2006, \u201cShungo\u201d \u2013 2009, \u201cAnomal\u00eda\u201d- 2011, \u201cSinergia\u201d \u2013 2015 y \u201cSouth ahead\u201d que se lanz\u00f3 en junio de 2021 y que se presentar\u00e1 en el festival JAZZ Ecuador 2021. Este \u00faltimo trabajo fue grabado en Polonia en Recpublica Studios como parte de una gira por diferentes clubes de Jazz europeos.<\/p>\n<p>El grupo est\u00e1 conformado por: Raimon Rovira-piano, Cayo Iturralde-bajo, Ramiro Olaciregui-guitarra, Carlos Alb\u00e1n-bater\u00eda y como m\u00fasico invitado Gilberto Rivero en el saxo.<\/p>\n<p>El Grupo de Jazz Contempor\u00e1neo del Ecuador Pies en la Tierra se ha convertido en un verdadero referente musical en Ecuador con doce a\u00f1os de trayectoria, cinco trabajos discogr\u00e1ficos y una insistente obsesi\u00f3n por incorporar los sonidos del mundo ind\u00edgena al explorar diversos ritmos ecuatorianos y latinoamericanos. Expresarlos por medio del jazz contempor\u00e1neo, g\u00e9nero capaz de asumir todas las tendencias.<\/p>\n<p>Jueves 7 de octubre lanzamiento en redes del tema \u201cSan Juan alterado\u201d<br \/>\nJueves 14 de octubre lanzamiento en redes del tema \u201cWalt for W.S.\u201d<br \/>\nJueves 21 de octubre lanzamiento en redes del tema \u201cCentipede\u201d<br \/>\nJueves 28 de octubre lanzamiento en redes del tema \u201cBu\u00f1uelo\u201d<\/p>\n","protected":false},"excerpt":{"rendered":"<p>Pies en la Tierra es un grupo formado en el 2003 por Cayo Iturralde y Raimon Rovira. El objetivo primordial fue siempre el componer m\u00fasica original basada en ritmos ecuatorianos y sud-americanos. Cuentan con seis trabajos discogr\u00e1ficos: \u201cPies en la Tierra\u201d \u2013 2004, \u201cParte de\u2026\u201d \u2013 2006, \u201cShungo\u201d \u2013 2009, \u201cAnomal\u00eda\u201d- 2011, \u201cSinergia\u201d \u2013 2015 [&hellip;]<\/p>\n","protected":false},"author":1,"featured_media":10231,"comment_status":"closed","ping_status":"closed","sticky":false,"template":"","format":"standard","meta":{"footnotes":""},"categories":[53],"tags":[],"class_list":["post-10230","post","type-post","status-publish","format-standard","has-post-thumbnail","hentry","category-noticias-generales"],"lang":"es","translations":{"es":10230,"pt":10233},"pll_sync_post":[],"post_mailing_queue_ids":[],"_links":{"self":[{"href":"http:\/\/staging.ibermusicas.org\/index.php\/wp-json\/wp\/v2\/posts\/10230","targetHints":{"allow":["GET"]}}],"collection":[{"href":"http:\/\/staging.ibermusicas.org\/index.php\/wp-json\/wp\/v2\/posts"}],"about":[{"href":"http:\/\/staging.ibermusicas.org\/index.php\/wp-json\/wp\/v2\/types\/post"}],"author":[{"embeddable":true,"href":"http:\/\/staging.ibermusicas.org\/index.php\/wp-json\/wp\/v2\/users\/1"}],"replies":[{"embeddable":true,"href":"http:\/\/staging.ibermusicas.org\/index.php\/wp-json\/wp\/v2\/comments?post=10230"}],"version-history":[{"count":1,"href":"http:\/\/staging.ibermusicas.org\/index.php\/wp-json\/wp\/v2\/posts\/10230\/revisions"}],"predecessor-version":[{"id":10232,"href":"http:\/\/staging.ibermusicas.org\/index.php\/wp-json\/wp\/v2\/posts\/10230\/revisions\/10232"}],"wp:featuredmedia":[{"embeddable":true,"href":"http:\/\/staging.ibermusicas.org\/index.php\/wp-json\/wp\/v2\/media\/10231"}],"wp:attachment":[{"href":"http:\/\/staging.ibermusicas.org\/index.php\/wp-json\/wp\/v2\/media?parent=10230"}],"wp:term":[{"taxonomy":"category","embeddable":true,"href":"http:\/\/staging.ibermusicas.org\/index.php\/wp-json\/wp\/v2\/categories?post=10230"},{"taxonomy":"post_tag","embeddable":true,"href":"http:\/\/staging.ibermusicas.org\/index.php\/wp-json\/wp\/v2\/tags?post=10230"}],"curies":[{"name":"wp","href":"https:\/\/api.w.org\/{rel}","templated":true}]}}