{"id":10233,"date":"2021-10-04T17:36:55","date_gmt":"2021-10-04T17:36:55","guid":{"rendered":"http:\/\/staging.ibermusicas.org\/?p=10233"},"modified":"2021-11-01T19:02:01","modified_gmt":"2021-11-01T19:02:01","slug":"durante-o-mes-de-outubro-o-grupo-pes-na-terra-do-equador-realizara-o-lancamento-nas-redes-de-suas-novas-criacoes","status":"publish","type":"post","link":"http:\/\/staging.ibermusicas.org\/index.php\/durante-o-mes-de-outubro-o-grupo-pes-na-terra-do-equador-realizara-o-lancamento-nas-redes-de-suas-novas-criacoes\/","title":{"rendered":"Durante o m\u00eas de outubro o grupo \u00abP\u00e9s na Terra\u00bb do Equador realizar\u00e1 o lan\u00e7amento nas redes de suas novas cria\u00e7\u00f5es"},"content":{"rendered":"<p>O P\u00e9 na Terra \u00e9 um grupo formado em 2003 por Cayo Iturralde e Raimon Rovira. O objetivo primordial foi sempre compor m\u00fasica original baseada em ritmos equatorianos e sud-americanos.<\/p>\n<p>Contam com seis trabalhos discogr\u00e1ficos: \u00abP\u00e9s na Terra\u00bb &#8211; 2004, \u00abParte de&#8230;\u00bb &#8211; 2006, \u00abShungo\u00bb &#8211; 2009, \u00abAnomalia\u00bb- 2011, \u00abSinergia\u00bb &#8211; 2015 e \u00abSouth Ahead\u00bb que foi lan\u00e7ado em junho de 2021 e que ser\u00e1 apresentado no festival JAZZ Equador 2021. Este \u00faltimo trabalho foi gravado na Pol\u00f4nia em Recpublica Studios como parte de uma turn\u00ea por diferentes clubes de Jazz europeus.<\/p>\n<p>O grupo \u00e9 formado por: Raimon Rovira-piano, Cayo Iturralde-baixo, Ramiro Olaciregui-guitarra, Carlos Alb\u00e1n-bater\u00eda e como m\u00fasico convidado Gilberto Rivero no saxofone.<\/p>\n<p>O Grupo de Jazz Contempor\u00e2neo do Equador P\u00e9s na Terra tornou-se uma verdadeira refer\u00eancia musical em Equador com doze anos de trajet\u00f3ria, cinco trabalhos de grava\u00e7\u00e3o e uma obsess\u00e3o insistente em incorporar os sons do mundo ind\u00edgena ao explorar diversos ritmos equatorianos e latino-americanos. Express\u00e1-los por meio do jazz contempor\u00e2neo, g\u00eanero capaz de assumir todas as tend\u00eancias.<\/p>\n<p>Quinta-feira 7 de outubro lan\u00e7amento em redes do tema \u00abSan Juan alterado\u00bb<br \/>\nQuinta-feira 14 de outubro lan\u00e7amento em rede do tema Walt for W.S.<br \/>\nQuinta-feira 21 de outubro lan\u00e7amento em redes do tema \u00abCentipede\u00bb<br \/>\nQuinta-feira 28 de outubro lan\u00e7amento em redes do tema \u201cBu\u00f1uelo\u00bb<\/p>\n","protected":false},"excerpt":{"rendered":"<p>O P\u00e9 na Terra \u00e9 um grupo formado em 2003 por Cayo Iturralde e Raimon Rovira. O objetivo primordial foi sempre compor m\u00fasica original baseada em ritmos equatorianos e sud-americanos. Contam com seis trabalhos discogr\u00e1ficos: \u00abP\u00e9s na Terra\u00bb &#8211; 2004, \u00abParte de&#8230;\u00bb &#8211; 2006, \u00abShungo\u00bb &#8211; 2009, \u00abAnomalia\u00bb- 2011, \u00abSinergia\u00bb &#8211; 2015 e \u00abSouth Ahead\u00bb [&hellip;]<\/p>\n","protected":false},"author":1,"featured_media":10231,"comment_status":"closed","ping_status":"closed","sticky":false,"template":"","format":"standard","meta":{"footnotes":""},"categories":[218],"tags":[],"class_list":["post-10233","post","type-post","status-publish","format-standard","has-post-thumbnail","hentry","category-noticias-generales-pt"],"lang":"pt","translations":{"pt":10233,"es":10230},"pll_sync_post":[],"post_mailing_queue_ids":[],"_links":{"self":[{"href":"http:\/\/staging.ibermusicas.org\/index.php\/wp-json\/wp\/v2\/posts\/10233","targetHints":{"allow":["GET"]}}],"collection":[{"href":"http:\/\/staging.ibermusicas.org\/index.php\/wp-json\/wp\/v2\/posts"}],"about":[{"href":"http:\/\/staging.ibermusicas.org\/index.php\/wp-json\/wp\/v2\/types\/post"}],"author":[{"embeddable":true,"href":"http:\/\/staging.ibermusicas.org\/index.php\/wp-json\/wp\/v2\/users\/1"}],"replies":[{"embeddable":true,"href":"http:\/\/staging.ibermusicas.org\/index.php\/wp-json\/wp\/v2\/comments?post=10233"}],"version-history":[{"count":2,"href":"http:\/\/staging.ibermusicas.org\/index.php\/wp-json\/wp\/v2\/posts\/10233\/revisions"}],"predecessor-version":[{"id":10235,"href":"http:\/\/staging.ibermusicas.org\/index.php\/wp-json\/wp\/v2\/posts\/10233\/revisions\/10235"}],"wp:featuredmedia":[{"embeddable":true,"href":"http:\/\/staging.ibermusicas.org\/index.php\/wp-json\/wp\/v2\/media\/10231"}],"wp:attachment":[{"href":"http:\/\/staging.ibermusicas.org\/index.php\/wp-json\/wp\/v2\/media?parent=10233"}],"wp:term":[{"taxonomy":"category","embeddable":true,"href":"http:\/\/staging.ibermusicas.org\/index.php\/wp-json\/wp\/v2\/categories?post=10233"},{"taxonomy":"post_tag","embeddable":true,"href":"http:\/\/staging.ibermusicas.org\/index.php\/wp-json\/wp\/v2\/tags?post=10233"}],"curies":[{"name":"wp","href":"https:\/\/api.w.org\/{rel}","templated":true}]}}