{"id":10236,"date":"2021-10-04T17:38:25","date_gmt":"2021-10-04T17:38:25","guid":{"rendered":"http:\/\/staging.ibermusicas.org\/?p=10236"},"modified":"2021-10-04T17:38:25","modified_gmt":"2021-10-04T17:38:25","slug":"tendra-lugar-el-ii-ciclo-internacional-de-organo-de-tubos-de-panama-con-la-presentacion-del-organista-espanol-maestro-francisco-javier-jimenez-martinez","status":"publish","type":"post","link":"http:\/\/staging.ibermusicas.org\/index.php\/tendra-lugar-el-ii-ciclo-internacional-de-organo-de-tubos-de-panama-con-la-presentacion-del-organista-espanol-maestro-francisco-javier-jimenez-martinez\/","title":{"rendered":"Tendr\u00e1 lugar el II Ciclo Internacional de \u00d3rgano de Tubos de Panam\u00e1 con la presentaci\u00f3n del organista espa\u00f1ol maestro Francisco Javier Jim\u00e9nez Mart\u00ednez"},"content":{"rendered":"<p>Francisco Javier Jim\u00e9nez Mart\u00ednez es organista-titular de la Catedral de Le\u00f3n. Estudi\u00f3 \u00f3rgano en el Conservatorio Profesional de M\u00fasica \u201c\u00c1ngel Barrios\u201d de Granada, concluyendo el Grado Superior de \u00f3rgano en el Conservatorio Superior de M\u00fasica \u201cJoaqu\u00edn Rodrigo\u201d de Valencia con las m\u00e1ximas calificaciones.<\/p>\n<p>Ha realizado conciertos, tanto de solista como acompa\u00f1ante o en formaciones orquestales, en diversos ciclos y festivales de toda Europa. Ha colaborado con formaciones musicales como Schola Gregoriana Hispana, Illiber Ensemble, Orquesta de C\u00e1mara Mediterr\u00e1nea, Orquesta Cl\u00e1sica de Granada, Orquesta de C\u00e1mara \u201cMarquesado del Zenete\u201d (de la que es fundador y director art\u00edstico), etc.<\/p>\n<p>Ha dirigido y coordinado los dos Cursos Internacionales de M\u00fasica Sacra de Guadix (en colaboraci\u00f3n con la Universidad de Granada y la Di\u00f3cesis de Guadix), con sendos festivales internacionales de m\u00fasica sacra. Ha sido profesor de instrumentos de tecla hist\u00f3rica y apreciaci\u00f3n musical en el Centro de Estudios Musicales SCAEM (Granada). Es Licenciado en Estudios Eclesi\u00e1sticos, M\u00e1ster en Teolog\u00eda Sistem\u00e1tica. Ha dirigido la restauraci\u00f3n del \u00f3rgano hist\u00f3rico (1785) de la parroquia de Aldeire (Granada).<\/p>\n<p>Actualmente dirige el Ciclo Internacional de \u00d3rgano Catedral de Le\u00f3n y el Curso Internacional de M\u00fasica Sacra de Le\u00f3n. A la vez realiza el doctorado en Teolog\u00eda con un proyecto de tesis sobre la simbolog\u00eda teol\u00f3gico-musical en la est\u00e9tica de la obra de Bach, en la Universidad Loyola Andaluc\u00eda.<\/p>\n<p>Domingo 3 de octubre 15:00 hs. Catedral Bas\u00edlica Santa Mar\u00eda La Antigua<br \/>\nCasco Antiguo, Ciudad de Panam\u00e1<\/p>\n","protected":false},"excerpt":{"rendered":"<p>Francisco Javier Jim\u00e9nez Mart\u00ednez es organista-titular de la Catedral de Le\u00f3n. Estudi\u00f3 \u00f3rgano en el Conservatorio Profesional de M\u00fasica \u201c\u00c1ngel Barrios\u201d de Granada, concluyendo el Grado Superior de \u00f3rgano en el Conservatorio Superior de M\u00fasica \u201cJoaqu\u00edn Rodrigo\u201d de Valencia con las m\u00e1ximas calificaciones. Ha realizado conciertos, tanto de solista como acompa\u00f1ante o en formaciones orquestales, [&hellip;]<\/p>\n","protected":false},"author":1,"featured_media":10237,"comment_status":"closed","ping_status":"closed","sticky":false,"template":"","format":"standard","meta":{"footnotes":""},"categories":[53],"tags":[],"class_list":["post-10236","post","type-post","status-publish","format-standard","has-post-thumbnail","hentry","category-noticias-generales"],"lang":"es","translations":{"es":10236,"pt":10239},"pll_sync_post":[],"post_mailing_queue_ids":[],"_links":{"self":[{"href":"http:\/\/staging.ibermusicas.org\/index.php\/wp-json\/wp\/v2\/posts\/10236","targetHints":{"allow":["GET"]}}],"collection":[{"href":"http:\/\/staging.ibermusicas.org\/index.php\/wp-json\/wp\/v2\/posts"}],"about":[{"href":"http:\/\/staging.ibermusicas.org\/index.php\/wp-json\/wp\/v2\/types\/post"}],"author":[{"embeddable":true,"href":"http:\/\/staging.ibermusicas.org\/index.php\/wp-json\/wp\/v2\/users\/1"}],"replies":[{"embeddable":true,"href":"http:\/\/staging.ibermusicas.org\/index.php\/wp-json\/wp\/v2\/comments?post=10236"}],"version-history":[{"count":1,"href":"http:\/\/staging.ibermusicas.org\/index.php\/wp-json\/wp\/v2\/posts\/10236\/revisions"}],"predecessor-version":[{"id":10238,"href":"http:\/\/staging.ibermusicas.org\/index.php\/wp-json\/wp\/v2\/posts\/10236\/revisions\/10238"}],"wp:featuredmedia":[{"embeddable":true,"href":"http:\/\/staging.ibermusicas.org\/index.php\/wp-json\/wp\/v2\/media\/10237"}],"wp:attachment":[{"href":"http:\/\/staging.ibermusicas.org\/index.php\/wp-json\/wp\/v2\/media?parent=10236"}],"wp:term":[{"taxonomy":"category","embeddable":true,"href":"http:\/\/staging.ibermusicas.org\/index.php\/wp-json\/wp\/v2\/categories?post=10236"},{"taxonomy":"post_tag","embeddable":true,"href":"http:\/\/staging.ibermusicas.org\/index.php\/wp-json\/wp\/v2\/tags?post=10236"}],"curies":[{"name":"wp","href":"https:\/\/api.w.org\/{rel}","templated":true}]}}