{"id":10239,"date":"2021-10-04T17:39:34","date_gmt":"2021-10-04T17:39:34","guid":{"rendered":"http:\/\/staging.ibermusicas.org\/?p=10239"},"modified":"2021-10-04T17:39:34","modified_gmt":"2021-10-04T17:39:34","slug":"tera-lugar-o-ii-ciclo-internacional-de-orgao-de-tubos-do-panama-com-a-apresentacao-do-organista-espanhol-maestro-francisco-javier-jimenez-martinez","status":"publish","type":"post","link":"http:\/\/staging.ibermusicas.org\/index.php\/tera-lugar-o-ii-ciclo-internacional-de-orgao-de-tubos-do-panama-com-a-apresentacao-do-organista-espanhol-maestro-francisco-javier-jimenez-martinez\/","title":{"rendered":"Ter\u00e1 lugar o II Ciclo Internacional de \u00d3rg\u00e3o de Tubos do Panam\u00e1 com a apresenta\u00e7\u00e3o do organista espanhol maestro Francisco Javier Jim\u00e9nez Mart\u00ednez"},"content":{"rendered":"<p>Francisco Javier Jim\u00e9nez Mart\u00ednez \u00e9 organista-titular da Catedral de Le\u00f3n. Estudou \u00f3rg\u00e3o no Conservat\u00f3rio Profissional de M\u00fasica \u00ab\u00c1ngel Barrios\u00bb de Granada, concluindo o Grau Superior de \u00f3rg\u00e3o no Conservat\u00f3rio Superior de M\u00fasica \u00abJoaqu\u00edn Rodrigo\u00bb de Valencia com as m\u00e1ximas notas.<\/p>\n<p>Realizou concertos, quer a solo, quer como acompanhante, quer em forma\u00e7\u00f5es orquestrais, em diversos ciclos e festivais em toda a Europa. Colaborou com forma\u00e7\u00f5es musicais como Schola Gregoriana Hispana, Illiber Ensemble, Orquestra de C\u00e2mara Mediterr\u00e2nea, Orquestra Cl\u00e1ssica de Granada, Orquestra de C\u00e2mara \u00abMarquesado del Zenete\u00bb (da qual \u00e9 fundador e diretor art\u00edstico), etc.<\/p>\n<p>Dirigiu e coordenou os dois Cursos Internacionais de M\u00fasica Sacra de Guadix (em colabora\u00e7\u00e3o com a Universidade de Granada e a Diocese de Guadix), com os festivais internacionais de m\u00fasica sacra. Foi professor de instrumentos de tecla hist\u00f3rica e aprecia\u00e7\u00e3o musical no Centro de Estudios Musicales SCAEM (Granada). \u00c9 Licenciado em Estudos Eclesi\u00e1sticos, Mestre em Teologia Sistem\u00e1tica. Dirigiu a restaura\u00e7\u00e3o do \u00f3rg\u00e3o hist\u00f3rico (1785) da par\u00f3quia de Aldeire (Granada).<\/p>\n<p>Atualmente dirige o Ciclo Internacional de \u00d3rg\u00e3o Catedral de Le\u00f3n e o Curso Internacional de M\u00fasica Sacra de Le\u00f3n. Ao mesmo tempo realiza o doutorado em Teologia com um projeto de tese sobre a simbologia teol\u00f3gico-musical na est\u00e9tica da obra de Bach, na Universidade Loyola Andaluzia.<\/p>\n<p>Domingo 3 de outubro 15:00 hs. Catedral Bas\u00edlica Santa Maria La Antigua<br \/>\nCidade Velha, Cidade do Panam\u00e1<\/p>\n","protected":false},"excerpt":{"rendered":"<p>Francisco Javier Jim\u00e9nez Mart\u00ednez \u00e9 organista-titular da Catedral de Le\u00f3n. Estudou \u00f3rg\u00e3o no Conservat\u00f3rio Profissional de M\u00fasica \u00ab\u00c1ngel Barrios\u00bb de Granada, concluindo o Grau Superior de \u00f3rg\u00e3o no Conservat\u00f3rio Superior de M\u00fasica \u00abJoaqu\u00edn Rodrigo\u00bb de Valencia com as m\u00e1ximas notas. Realizou concertos, quer a solo, quer como acompanhante, quer em forma\u00e7\u00f5es orquestrais, em diversos ciclos [&hellip;]<\/p>\n","protected":false},"author":1,"featured_media":10237,"comment_status":"closed","ping_status":"closed","sticky":false,"template":"","format":"standard","meta":{"footnotes":""},"categories":[218],"tags":[],"class_list":["post-10239","post","type-post","status-publish","format-standard","has-post-thumbnail","hentry","category-noticias-generales-pt"],"lang":"pt","translations":{"pt":10239,"es":10236},"pll_sync_post":[],"post_mailing_queue_ids":[],"_links":{"self":[{"href":"http:\/\/staging.ibermusicas.org\/index.php\/wp-json\/wp\/v2\/posts\/10239","targetHints":{"allow":["GET"]}}],"collection":[{"href":"http:\/\/staging.ibermusicas.org\/index.php\/wp-json\/wp\/v2\/posts"}],"about":[{"href":"http:\/\/staging.ibermusicas.org\/index.php\/wp-json\/wp\/v2\/types\/post"}],"author":[{"embeddable":true,"href":"http:\/\/staging.ibermusicas.org\/index.php\/wp-json\/wp\/v2\/users\/1"}],"replies":[{"embeddable":true,"href":"http:\/\/staging.ibermusicas.org\/index.php\/wp-json\/wp\/v2\/comments?post=10239"}],"version-history":[{"count":1,"href":"http:\/\/staging.ibermusicas.org\/index.php\/wp-json\/wp\/v2\/posts\/10239\/revisions"}],"predecessor-version":[{"id":10240,"href":"http:\/\/staging.ibermusicas.org\/index.php\/wp-json\/wp\/v2\/posts\/10239\/revisions\/10240"}],"wp:featuredmedia":[{"embeddable":true,"href":"http:\/\/staging.ibermusicas.org\/index.php\/wp-json\/wp\/v2\/media\/10237"}],"wp:attachment":[{"href":"http:\/\/staging.ibermusicas.org\/index.php\/wp-json\/wp\/v2\/media?parent=10239"}],"wp:term":[{"taxonomy":"category","embeddable":true,"href":"http:\/\/staging.ibermusicas.org\/index.php\/wp-json\/wp\/v2\/categories?post=10239"},{"taxonomy":"post_tag","embeddable":true,"href":"http:\/\/staging.ibermusicas.org\/index.php\/wp-json\/wp\/v2\/tags?post=10239"}],"curies":[{"name":"wp","href":"https:\/\/api.w.org\/{rel}","templated":true}]}}