{"id":10246,"date":"2021-10-04T17:44:30","date_gmt":"2021-10-04T17:44:30","guid":{"rendered":"http:\/\/staging.ibermusicas.org\/?p=10246"},"modified":"2021-11-01T18:58:06","modified_gmt":"2021-11-01T18:58:06","slug":"el-guitarrista-argentino-demian-ornstein-brindara-su-taller-el-lenguaje-del-jazz-y-la-musica-folkorica-sudamericana-desde-la-universidad-tecnologica-del-uruguay","status":"publish","type":"post","link":"http:\/\/staging.ibermusicas.org\/index.php\/el-guitarrista-argentino-demian-ornstein-brindara-su-taller-el-lenguaje-del-jazz-y-la-musica-folkorica-sudamericana-desde-la-universidad-tecnologica-del-uruguay\/","title":{"rendered":"El guitarrista argentino Demian Ornstein brindar\u00e1 su taller \u00abEl lenguaje del jazz y la m\u00fasica folk\u00f3rica sudamericana\u00bb desde la Universidad Tecnol\u00f3gica del Uruguay"},"content":{"rendered":"<p>Demian Ornstein es guitarrista y compositor. Es parte del grupo Confluencia. Es docente en la Escuela de M\u00fasica Popular de Avellaneda (EMPA) y docente coordinador del taller de improvisaci\u00f3n sobre M\u00fasica Popular Argentina.<\/p>\n<p>Durante octubre brindar\u00e1 el taller \u00abEl lenguaje del jazz y la m\u00fasica folk\u00f3rica sudamericana\u00bb desde la Universidad Tecnol\u00f3gica del Uruguay<\/p>\n<p>jueves 14, 21 y 28 de octubre de 14 a 17 hs. Los contenidos se transmitir\u00e1n desde la plataforma web de la UTEC.<\/p>\n","protected":false},"excerpt":{"rendered":"<p>Demian Ornstein es guitarrista y compositor. Es parte del grupo Confluencia. Es docente en la Escuela de M\u00fasica Popular de Avellaneda (EMPA) y docente coordinador del taller de improvisaci\u00f3n sobre M\u00fasica Popular Argentina. Durante octubre brindar\u00e1 el taller \u00abEl lenguaje del jazz y la m\u00fasica folk\u00f3rica sudamericana\u00bb desde la Universidad Tecnol\u00f3gica del Uruguay jueves 14, [&hellip;]<\/p>\n","protected":false},"author":1,"featured_media":10247,"comment_status":"closed","ping_status":"closed","sticky":false,"template":"","format":"standard","meta":{"footnotes":""},"categories":[53],"tags":[],"class_list":["post-10246","post","type-post","status-publish","format-standard","has-post-thumbnail","hentry","category-noticias-generales"],"lang":"es","translations":{"es":10246,"pt":10249},"pll_sync_post":[],"post_mailing_queue_ids":[],"_links":{"self":[{"href":"http:\/\/staging.ibermusicas.org\/index.php\/wp-json\/wp\/v2\/posts\/10246","targetHints":{"allow":["GET"]}}],"collection":[{"href":"http:\/\/staging.ibermusicas.org\/index.php\/wp-json\/wp\/v2\/posts"}],"about":[{"href":"http:\/\/staging.ibermusicas.org\/index.php\/wp-json\/wp\/v2\/types\/post"}],"author":[{"embeddable":true,"href":"http:\/\/staging.ibermusicas.org\/index.php\/wp-json\/wp\/v2\/users\/1"}],"replies":[{"embeddable":true,"href":"http:\/\/staging.ibermusicas.org\/index.php\/wp-json\/wp\/v2\/comments?post=10246"}],"version-history":[{"count":1,"href":"http:\/\/staging.ibermusicas.org\/index.php\/wp-json\/wp\/v2\/posts\/10246\/revisions"}],"predecessor-version":[{"id":10248,"href":"http:\/\/staging.ibermusicas.org\/index.php\/wp-json\/wp\/v2\/posts\/10246\/revisions\/10248"}],"wp:featuredmedia":[{"embeddable":true,"href":"http:\/\/staging.ibermusicas.org\/index.php\/wp-json\/wp\/v2\/media\/10247"}],"wp:attachment":[{"href":"http:\/\/staging.ibermusicas.org\/index.php\/wp-json\/wp\/v2\/media?parent=10246"}],"wp:term":[{"taxonomy":"category","embeddable":true,"href":"http:\/\/staging.ibermusicas.org\/index.php\/wp-json\/wp\/v2\/categories?post=10246"},{"taxonomy":"post_tag","embeddable":true,"href":"http:\/\/staging.ibermusicas.org\/index.php\/wp-json\/wp\/v2\/tags?post=10246"}],"curies":[{"name":"wp","href":"https:\/\/api.w.org\/{rel}","templated":true}]}}