{"id":10249,"date":"2021-10-04T17:45:58","date_gmt":"2021-10-04T17:45:58","guid":{"rendered":"http:\/\/staging.ibermusicas.org\/?p=10249"},"modified":"2021-11-01T19:01:50","modified_gmt":"2021-11-01T19:01:50","slug":"o-guitarrista-argentino-demian-ornstein-brindara-sua-oficina-a-linguagem-do-jazz-e-a-musica-folclorica-sul-americana-da-universidade-tecnologica-do-uruguai","status":"publish","type":"post","link":"http:\/\/staging.ibermusicas.org\/index.php\/o-guitarrista-argentino-demian-ornstein-brindara-sua-oficina-a-linguagem-do-jazz-e-a-musica-folclorica-sul-americana-da-universidade-tecnologica-do-uruguai\/","title":{"rendered":"O guitarrista argentino Demian Ornstein brindar\u00e1 sua oficina \u00abA linguagem do jazz e a m\u00fasica folcl\u00f3rica sul-americana\u00bb da Universidade Tecnol\u00f3gica do Uruguai"},"content":{"rendered":"<p>Demian Ornstein \u00e9 guitarrista e compositor. Faz parte do grupo Confluencia. \u00c9 docente na Escola de M\u00fasica Popular de Avellaneda (EMPA) e docente coordinador do ateli\u00ea de improvisa\u00e7\u00e3o sobre M\u00fasica Popular Argentina.<\/p>\n<p>Durante outubro brindar\u00e1 a oficina \u00abA linguagem do jazz e a m\u00fasica folk\u00f3rica sul-americana\u00bb da Universidade Tecnol\u00f3gica do Uruguai<\/p>\n<p>Quinta-feira 14, 21 e 28 de Outubro, 14 a 17 horas. Os conte\u00fados ser\u00e3o transmitidos a partir da plataforma Web da UTEC.<\/p>\n","protected":false},"excerpt":{"rendered":"<p>Demian Ornstein \u00e9 guitarrista e compositor. Faz parte do grupo Confluencia. \u00c9 docente na Escola de M\u00fasica Popular de Avellaneda (EMPA) e docente coordinador do ateli\u00ea de improvisa\u00e7\u00e3o sobre M\u00fasica Popular Argentina. Durante outubro brindar\u00e1 a oficina \u00abA linguagem do jazz e a m\u00fasica folk\u00f3rica sul-americana\u00bb da Universidade Tecnol\u00f3gica do Uruguai Quinta-feira 14, 21 e [&hellip;]<\/p>\n","protected":false},"author":1,"featured_media":10247,"comment_status":"closed","ping_status":"closed","sticky":false,"template":"","format":"standard","meta":{"footnotes":""},"categories":[218],"tags":[],"class_list":["post-10249","post","type-post","status-publish","format-standard","has-post-thumbnail","hentry","category-noticias-generales-pt"],"lang":"pt","translations":{"pt":10249,"es":10246},"pll_sync_post":[],"post_mailing_queue_ids":[],"_links":{"self":[{"href":"http:\/\/staging.ibermusicas.org\/index.php\/wp-json\/wp\/v2\/posts\/10249","targetHints":{"allow":["GET"]}}],"collection":[{"href":"http:\/\/staging.ibermusicas.org\/index.php\/wp-json\/wp\/v2\/posts"}],"about":[{"href":"http:\/\/staging.ibermusicas.org\/index.php\/wp-json\/wp\/v2\/types\/post"}],"author":[{"embeddable":true,"href":"http:\/\/staging.ibermusicas.org\/index.php\/wp-json\/wp\/v2\/users\/1"}],"replies":[{"embeddable":true,"href":"http:\/\/staging.ibermusicas.org\/index.php\/wp-json\/wp\/v2\/comments?post=10249"}],"version-history":[{"count":1,"href":"http:\/\/staging.ibermusicas.org\/index.php\/wp-json\/wp\/v2\/posts\/10249\/revisions"}],"predecessor-version":[{"id":10250,"href":"http:\/\/staging.ibermusicas.org\/index.php\/wp-json\/wp\/v2\/posts\/10249\/revisions\/10250"}],"wp:featuredmedia":[{"embeddable":true,"href":"http:\/\/staging.ibermusicas.org\/index.php\/wp-json\/wp\/v2\/media\/10247"}],"wp:attachment":[{"href":"http:\/\/staging.ibermusicas.org\/index.php\/wp-json\/wp\/v2\/media?parent=10249"}],"wp:term":[{"taxonomy":"category","embeddable":true,"href":"http:\/\/staging.ibermusicas.org\/index.php\/wp-json\/wp\/v2\/categories?post=10249"},{"taxonomy":"post_tag","embeddable":true,"href":"http:\/\/staging.ibermusicas.org\/index.php\/wp-json\/wp\/v2\/tags?post=10249"}],"curies":[{"name":"wp","href":"https:\/\/api.w.org\/{rel}","templated":true}]}}