{"id":10256,"date":"2021-10-04T18:11:33","date_gmt":"2021-10-04T18:11:33","guid":{"rendered":"http:\/\/staging.ibermusicas.org\/?p=10256"},"modified":"2021-11-01T18:57:39","modified_gmt":"2021-11-01T18:57:39","slug":"mmf-latam-presenta-la-conferencia-el-mundo-editorial-y-las-sincronizaciones-a-cargo-de-yael-meyer-de-chile","status":"publish","type":"post","link":"http:\/\/staging.ibermusicas.org\/index.php\/mmf-latam-presenta-la-conferencia-el-mundo-editorial-y-las-sincronizaciones-a-cargo-de-yael-meyer-de-chile\/","title":{"rendered":"MMF LATAM presenta la conferencia \u201cEl mundo editorial y las sincronizaciones\u201d a cargo de Yael Meyer de Chile"},"content":{"rendered":"<p>Yael Meyer es m\u00fasica, productora y gestora. Fundadora del sello, editora y agencia boutique de sincros \u201cKLI Records\u201d. Brindar\u00e1 una conferencia sobre c\u00f3mo se selecciona y sincroniza la m\u00fasica que hace parte de pel\u00edculas, series, documentales, y videojuegos. C\u00f3mo llegar a la inclusi\u00f3n en las listas de reproducci\u00f3n en tiendas y en publicidad. C\u00f3mo contactar a los supervisores musicales, qu\u00e9 tipo de derechos se deben tener al d\u00eda, y qu\u00e9 condiciones se deben tener en cuenta para cerrar el negocio.<\/p>\n<p>Las Sesiones llevan un costo muy accesible y promocional para todas las personas del sector musical y cultural en general que deseen acceder, se podr\u00e1 elegir sesiones individuales o combos, seg\u00fan el inter\u00e9s.<\/p>\n<p>MMF LATAM es la primera Asociaci\u00f3n Civil sin fines de lucro, fundada en el a\u00f1o 2014 que re\u00fane managers y agentes musicales de Latinoam\u00e9rica. Se crea en la ciudad de Medell\u00edn en el marco de la feria internacional de la m\u00fasica, Circulart, con representantes fundacionales de 12 pa\u00edses. Su sede administrativa se encuentra en Colombia. Funciona como una red profesional internacional que lleva como principal objetivo representar los intereses colectivos de los managers y agentes musicales y sus artistas en Am\u00e9rica Latina. Hoy se compone por miembros de m\u00e1s de 15 pa\u00edses de latinoam\u00e9rica y forma parte de la IMMF (International Music Management Forum).<\/p>\n<p>Ya se encuentran abiertas las inscripciones para las Sesiones de formaci\u00f3n desde la web de la MMF LATAM<\/p>\n<p>Martes 5 de octubre. 4PM CRI-SLV \/\/ 5PM COL-MEX-PER-ECU-PAN \/\/ 6PM VEN-BOL-DOM-PAR \/\/ 7PM ARG-BRA-URU-CHL. En modalidad virtual por redes sociales de MMF LATAM<\/p>\n","protected":false},"excerpt":{"rendered":"<p>Yael Meyer es m\u00fasica, productora y gestora. Fundadora del sello, editora y agencia boutique de sincros \u201cKLI Records\u201d. Brindar\u00e1 una conferencia sobre c\u00f3mo se selecciona y sincroniza la m\u00fasica que hace parte de pel\u00edculas, series, documentales, y videojuegos. C\u00f3mo llegar a la inclusi\u00f3n en las listas de reproducci\u00f3n en tiendas y en publicidad. C\u00f3mo contactar [&hellip;]<\/p>\n","protected":false},"author":1,"featured_media":10257,"comment_status":"closed","ping_status":"closed","sticky":false,"template":"","format":"standard","meta":{"footnotes":""},"categories":[53],"tags":[],"class_list":["post-10256","post","type-post","status-publish","format-standard","has-post-thumbnail","hentry","category-noticias-generales"],"lang":"es","translations":{"es":10256,"pt":10259},"pll_sync_post":[],"post_mailing_queue_ids":[],"_links":{"self":[{"href":"http:\/\/staging.ibermusicas.org\/index.php\/wp-json\/wp\/v2\/posts\/10256","targetHints":{"allow":["GET"]}}],"collection":[{"href":"http:\/\/staging.ibermusicas.org\/index.php\/wp-json\/wp\/v2\/posts"}],"about":[{"href":"http:\/\/staging.ibermusicas.org\/index.php\/wp-json\/wp\/v2\/types\/post"}],"author":[{"embeddable":true,"href":"http:\/\/staging.ibermusicas.org\/index.php\/wp-json\/wp\/v2\/users\/1"}],"replies":[{"embeddable":true,"href":"http:\/\/staging.ibermusicas.org\/index.php\/wp-json\/wp\/v2\/comments?post=10256"}],"version-history":[{"count":1,"href":"http:\/\/staging.ibermusicas.org\/index.php\/wp-json\/wp\/v2\/posts\/10256\/revisions"}],"predecessor-version":[{"id":10258,"href":"http:\/\/staging.ibermusicas.org\/index.php\/wp-json\/wp\/v2\/posts\/10256\/revisions\/10258"}],"wp:featuredmedia":[{"embeddable":true,"href":"http:\/\/staging.ibermusicas.org\/index.php\/wp-json\/wp\/v2\/media\/10257"}],"wp:attachment":[{"href":"http:\/\/staging.ibermusicas.org\/index.php\/wp-json\/wp\/v2\/media?parent=10256"}],"wp:term":[{"taxonomy":"category","embeddable":true,"href":"http:\/\/staging.ibermusicas.org\/index.php\/wp-json\/wp\/v2\/categories?post=10256"},{"taxonomy":"post_tag","embeddable":true,"href":"http:\/\/staging.ibermusicas.org\/index.php\/wp-json\/wp\/v2\/tags?post=10256"}],"curies":[{"name":"wp","href":"https:\/\/api.w.org\/{rel}","templated":true}]}}