{"id":10259,"date":"2021-10-04T18:12:51","date_gmt":"2021-10-04T18:12:51","guid":{"rendered":"http:\/\/staging.ibermusicas.org\/?p=10259"},"modified":"2021-11-01T19:01:29","modified_gmt":"2021-11-01T19:01:29","slug":"mmf-latam-apresenta-a-conferencia-o-mundo-editorial-e-as-sincronizacoesa-cargo-de-yael-meyer-do-chile","status":"publish","type":"post","link":"http:\/\/staging.ibermusicas.org\/index.php\/mmf-latam-apresenta-a-conferencia-o-mundo-editorial-e-as-sincronizacoesa-cargo-de-yael-meyer-do-chile\/","title":{"rendered":"MMF LATAM apresenta a confer\u00eancia \u00abO mundo editorial e as sincroniza\u00e7\u00f5es\u00bba cargo de Yael Meyer do Chile"},"content":{"rendered":"<p>Yael Meyer \u00e9 m\u00fasica, produtora e gestora. Fundadora do selo, editora e ag\u00eancia boutique de Sincros \u00abKLI Records\u00bb. Ele vai fornecer uma confer\u00eancia sobre como a m\u00fasica que faz parte de filmes, s\u00e9ries, document\u00e1rios e jogos de v\u00eddeo \u00e9 selecionada e sincronizada. Como chegar \u00e0 inclus\u00e3o nas listas de reprodu\u00e7\u00e3o em lojas e em publicidade. Como contatar os supervisores musicais, que tipo de direitos devem ser mantidos atualizados, e que condi\u00e7\u00f5es devem ser tidas em conta para fechar o neg\u00f3cio.<\/p>\n<p>As Sess\u00f5es levam um custo muito acess\u00edvel e promocional para todas as pessoas do setor musical e cultural em geral que desejem acessar, se poder\u00e1 escolher sess\u00f5es individuais ou combos, segundo o interesse.<\/p>\n<p>A MMF LATAM \u00e9 a primeira Associa\u00e7\u00e3o Civil sem fins lucrativos, fundada em 2014, que re\u00fane gerentes e agentes musicais da Am\u00e9rica Latina. \u00c9 criado na cidade de Medell\u00edn no \u00e2mbito da feira internacional da m\u00fasica, Circulart, com representantes fundacionais de 12 pa\u00edses. Sua sede administrativa est\u00e1 localizada na Col\u00f4mbia. Funciona como uma rede profissional internacional que tem como principal objetivo representar os interesses coletivos dos managers e agentes musicais e seus artistas na Am\u00e9rica Latina. Hoje \u00e9 composta por membros de mais de 15 pa\u00edses da Am\u00e9rica Latina e faz parte da IMMF (International Music Management Forum).<\/p>\n<p>J\u00e1 est\u00e3o abertas as inscri\u00e7\u00f5es para as Sess\u00f5es de forma\u00e7\u00e3o desde o site da MMF LATAM<\/p>\n<p>Ter\u00e7a-feira 5 de outubro. 4PM CRI-SLV \/\/ 5PM COL-MEX-PER-ECU-PAN \/\/ 6PM VEN-BOL-DOM-PAR \/\/ 7PM ARG-BRA-URU-CHL. Em modalidade virtual por redes sociais de MMF LATAM<\/p>\n","protected":false},"excerpt":{"rendered":"<p>Yael Meyer \u00e9 m\u00fasica, produtora e gestora. Fundadora do selo, editora e ag\u00eancia boutique de Sincros \u00abKLI Records\u00bb. Ele vai fornecer uma confer\u00eancia sobre como a m\u00fasica que faz parte de filmes, s\u00e9ries, document\u00e1rios e jogos de v\u00eddeo \u00e9 selecionada e sincronizada. Como chegar \u00e0 inclus\u00e3o nas listas de reprodu\u00e7\u00e3o em lojas e em publicidade. [&hellip;]<\/p>\n","protected":false},"author":1,"featured_media":10257,"comment_status":"closed","ping_status":"closed","sticky":false,"template":"","format":"standard","meta":{"footnotes":""},"categories":[218],"tags":[],"class_list":["post-10259","post","type-post","status-publish","format-standard","has-post-thumbnail","hentry","category-noticias-generales-pt"],"lang":"pt","translations":{"pt":10259,"es":10256},"pll_sync_post":[],"post_mailing_queue_ids":[],"_links":{"self":[{"href":"http:\/\/staging.ibermusicas.org\/index.php\/wp-json\/wp\/v2\/posts\/10259","targetHints":{"allow":["GET"]}}],"collection":[{"href":"http:\/\/staging.ibermusicas.org\/index.php\/wp-json\/wp\/v2\/posts"}],"about":[{"href":"http:\/\/staging.ibermusicas.org\/index.php\/wp-json\/wp\/v2\/types\/post"}],"author":[{"embeddable":true,"href":"http:\/\/staging.ibermusicas.org\/index.php\/wp-json\/wp\/v2\/users\/1"}],"replies":[{"embeddable":true,"href":"http:\/\/staging.ibermusicas.org\/index.php\/wp-json\/wp\/v2\/comments?post=10259"}],"version-history":[{"count":1,"href":"http:\/\/staging.ibermusicas.org\/index.php\/wp-json\/wp\/v2\/posts\/10259\/revisions"}],"predecessor-version":[{"id":10260,"href":"http:\/\/staging.ibermusicas.org\/index.php\/wp-json\/wp\/v2\/posts\/10259\/revisions\/10260"}],"wp:featuredmedia":[{"embeddable":true,"href":"http:\/\/staging.ibermusicas.org\/index.php\/wp-json\/wp\/v2\/media\/10257"}],"wp:attachment":[{"href":"http:\/\/staging.ibermusicas.org\/index.php\/wp-json\/wp\/v2\/media?parent=10259"}],"wp:term":[{"taxonomy":"category","embeddable":true,"href":"http:\/\/staging.ibermusicas.org\/index.php\/wp-json\/wp\/v2\/categories?post=10259"},{"taxonomy":"post_tag","embeddable":true,"href":"http:\/\/staging.ibermusicas.org\/index.php\/wp-json\/wp\/v2\/tags?post=10259"}],"curies":[{"name":"wp","href":"https:\/\/api.w.org\/{rel}","templated":true}]}}