{"id":10261,"date":"2021-10-04T18:15:29","date_gmt":"2021-10-04T18:15:29","guid":{"rendered":"http:\/\/staging.ibermusicas.org\/?p=10261"},"modified":"2021-10-04T18:16:57","modified_gmt":"2021-10-04T18:16:57","slug":"desde-uruguay-la-prestigiosa-clavecinista-laura-dearmas-llevara-adelante-el-ciclo-musica-para-clave-en-latinoamerica","status":"publish","type":"post","link":"http:\/\/staging.ibermusicas.org\/index.php\/desde-uruguay-la-prestigiosa-clavecinista-laura-dearmas-llevara-adelante-el-ciclo-musica-para-clave-en-latinoamerica\/","title":{"rendered":"Desde Uruguay, la prestigiosa clavecinista Laura Dearmas llevar\u00e1 adelante el ciclo \u201cM\u00fasica para Clave en Latinoam\u00e9rica\u201d"},"content":{"rendered":"<p>Con conciertos filmados y entrevistas v\u00eda zoom el ciclo \u00abM\u00fasica para clave en Latinoam\u00e9rica\u00bb tiene por objetivo acercar a la audiencia una enorme porci\u00f3n del valios\u00edsimo patrimonio de m\u00fasica para instrumentos de teclado.<\/p>\n<p>S\u00e1bado 2 y domingo 3 de octubre<\/p>\n","protected":false},"excerpt":{"rendered":"<p>Con conciertos filmados y entrevistas v\u00eda zoom el ciclo \u00abM\u00fasica para clave en Latinoam\u00e9rica\u00bb tiene por objetivo acercar a la audiencia una enorme porci\u00f3n del valios\u00edsimo patrimonio de m\u00fasica para instrumentos de teclado. S\u00e1bado 2 y domingo 3 de octubre<\/p>\n","protected":false},"author":1,"featured_media":10262,"comment_status":"closed","ping_status":"closed","sticky":false,"template":"","format":"standard","meta":{"footnotes":""},"categories":[53],"tags":[],"class_list":["post-10261","post","type-post","status-publish","format-standard","has-post-thumbnail","hentry","category-noticias-generales"],"lang":"es","translations":{"es":10261,"pt":10264},"pll_sync_post":[],"post_mailing_queue_ids":[],"_links":{"self":[{"href":"http:\/\/staging.ibermusicas.org\/index.php\/wp-json\/wp\/v2\/posts\/10261","targetHints":{"allow":["GET"]}}],"collection":[{"href":"http:\/\/staging.ibermusicas.org\/index.php\/wp-json\/wp\/v2\/posts"}],"about":[{"href":"http:\/\/staging.ibermusicas.org\/index.php\/wp-json\/wp\/v2\/types\/post"}],"author":[{"embeddable":true,"href":"http:\/\/staging.ibermusicas.org\/index.php\/wp-json\/wp\/v2\/users\/1"}],"replies":[{"embeddable":true,"href":"http:\/\/staging.ibermusicas.org\/index.php\/wp-json\/wp\/v2\/comments?post=10261"}],"version-history":[{"count":1,"href":"http:\/\/staging.ibermusicas.org\/index.php\/wp-json\/wp\/v2\/posts\/10261\/revisions"}],"predecessor-version":[{"id":10263,"href":"http:\/\/staging.ibermusicas.org\/index.php\/wp-json\/wp\/v2\/posts\/10261\/revisions\/10263"}],"wp:featuredmedia":[{"embeddable":true,"href":"http:\/\/staging.ibermusicas.org\/index.php\/wp-json\/wp\/v2\/media\/10262"}],"wp:attachment":[{"href":"http:\/\/staging.ibermusicas.org\/index.php\/wp-json\/wp\/v2\/media?parent=10261"}],"wp:term":[{"taxonomy":"category","embeddable":true,"href":"http:\/\/staging.ibermusicas.org\/index.php\/wp-json\/wp\/v2\/categories?post=10261"},{"taxonomy":"post_tag","embeddable":true,"href":"http:\/\/staging.ibermusicas.org\/index.php\/wp-json\/wp\/v2\/tags?post=10261"}],"curies":[{"name":"wp","href":"https:\/\/api.w.org\/{rel}","templated":true}]}}