{"id":10264,"date":"2021-10-04T18:16:34","date_gmt":"2021-10-04T18:16:34","guid":{"rendered":"http:\/\/staging.ibermusicas.org\/?p=10264"},"modified":"2021-10-04T18:16:34","modified_gmt":"2021-10-04T18:16:34","slug":"do-uruguai-a-prestigiosa-cravista-laura-dearmas-levara-adiante-o-ciclo-musica-para-chave-na-america-latina","status":"publish","type":"post","link":"http:\/\/staging.ibermusicas.org\/index.php\/do-uruguai-a-prestigiosa-cravista-laura-dearmas-levara-adiante-o-ciclo-musica-para-chave-na-america-latina\/","title":{"rendered":"Do Uruguai, a prestigiosa cravista Laura Dearmas levar\u00e1 adiante o ciclo \u00abM\u00fasica para Chave na Am\u00e9rica Latina\u00bb"},"content":{"rendered":"<p>Com concertos filmados e entrevistas via zoom o ciclo \u00abM\u00fasica para chave na Am\u00e9rica Latina\u00bb tem por objetivo aproximar o p\u00fablico uma enorme por\u00e7\u00e3o do valios\u00edssimo patrim\u00f4nio de m\u00fasica para instrumentos de teclado.<\/p>\n<p>S\u00e1bado 2 e domingo 3 de outubro<\/p>\n","protected":false},"excerpt":{"rendered":"<p>Com concertos filmados e entrevistas via zoom o ciclo \u00abM\u00fasica para chave na Am\u00e9rica Latina\u00bb tem por objetivo aproximar o p\u00fablico uma enorme por\u00e7\u00e3o do valios\u00edssimo patrim\u00f4nio de m\u00fasica para instrumentos de teclado. S\u00e1bado 2 e domingo 3 de outubro<\/p>\n","protected":false},"author":1,"featured_media":10262,"comment_status":"closed","ping_status":"closed","sticky":false,"template":"","format":"standard","meta":{"footnotes":""},"categories":[218],"tags":[],"class_list":["post-10264","post","type-post","status-publish","format-standard","has-post-thumbnail","hentry","category-noticias-generales-pt"],"lang":"pt","translations":{"pt":10264,"es":10261},"pll_sync_post":[],"post_mailing_queue_ids":[],"_links":{"self":[{"href":"http:\/\/staging.ibermusicas.org\/index.php\/wp-json\/wp\/v2\/posts\/10264","targetHints":{"allow":["GET"]}}],"collection":[{"href":"http:\/\/staging.ibermusicas.org\/index.php\/wp-json\/wp\/v2\/posts"}],"about":[{"href":"http:\/\/staging.ibermusicas.org\/index.php\/wp-json\/wp\/v2\/types\/post"}],"author":[{"embeddable":true,"href":"http:\/\/staging.ibermusicas.org\/index.php\/wp-json\/wp\/v2\/users\/1"}],"replies":[{"embeddable":true,"href":"http:\/\/staging.ibermusicas.org\/index.php\/wp-json\/wp\/v2\/comments?post=10264"}],"version-history":[{"count":1,"href":"http:\/\/staging.ibermusicas.org\/index.php\/wp-json\/wp\/v2\/posts\/10264\/revisions"}],"predecessor-version":[{"id":10265,"href":"http:\/\/staging.ibermusicas.org\/index.php\/wp-json\/wp\/v2\/posts\/10264\/revisions\/10265"}],"wp:featuredmedia":[{"embeddable":true,"href":"http:\/\/staging.ibermusicas.org\/index.php\/wp-json\/wp\/v2\/media\/10262"}],"wp:attachment":[{"href":"http:\/\/staging.ibermusicas.org\/index.php\/wp-json\/wp\/v2\/media?parent=10264"}],"wp:term":[{"taxonomy":"category","embeddable":true,"href":"http:\/\/staging.ibermusicas.org\/index.php\/wp-json\/wp\/v2\/categories?post=10264"},{"taxonomy":"post_tag","embeddable":true,"href":"http:\/\/staging.ibermusicas.org\/index.php\/wp-json\/wp\/v2\/tags?post=10264"}],"curies":[{"name":"wp","href":"https:\/\/api.w.org\/{rel}","templated":true}]}}