{"id":10266,"date":"2021-10-04T18:18:33","date_gmt":"2021-10-04T18:18:33","guid":{"rendered":"http:\/\/staging.ibermusicas.org\/?p=10266"},"modified":"2021-11-01T18:57:46","modified_gmt":"2021-11-01T18:57:46","slug":"el-cuarteto-colombiano-sai-conde-arriba-a-argentina-para-presentarse-en-diversos-escenarios","status":"publish","type":"post","link":"http:\/\/staging.ibermusicas.org\/index.php\/el-cuarteto-colombiano-sai-conde-arriba-a-argentina-para-presentarse-en-diversos-escenarios\/","title":{"rendered":"El cuarteto colombiano Sai Conde arriba a Argentina para presentarse en diversos escenarios"},"content":{"rendered":"<p>El cuarteto de Sai Conde ofrece un concierto de m\u00fasica colombiana, con instrumentos caracter\u00edsticos como la bandola y el tiple. Interpreta la obra de compositores tradicionales de bambucos, pasillos, polkas, foxes, porros y cumbias. El grupo est\u00e1 integrado por Sai Conde en bandola, Sebasti\u00e1n Escobar en contrabajo, Rodrigo Solano en percusi\u00f3n y Juli\u00e1n Solano en tiple.<\/p>\n<p>Sai Conde es compositor e int\u00e9rprete de la Bandola, el Tiple y la Guitarra, con un importante recorrido musical nacional e internacional. Sai Conde irrumpi\u00f3 en Colombia con su \u201cTr\u00edo de Ida y Vuelta\u201d en la escena musical, investigando y difundiendo una forma vallecaucana de sentir la m\u00fasica colombiana en la que las audacias de su pluma como compositor y versionista fueron ingrediente esencial. Aprovech\u00f3 su paso por Brasil donde realiz\u00f3 su maestr\u00eda en m\u00fasica, para permearse de la gran musicalidad de este pa\u00eds y fusionarla con la magia de la Bandola Colombiana. En esa b\u00fasqueda realiz\u00f3 la producci\u00f3n musical \u201cO Alavorecer\u201d al lado del guitarrista Guilherme Lamas, haciendo un homenaje al compositor Ernesto Nazaret.<\/p>\n<p>Es maestro en composici\u00f3n de la universidad Javeriana de Bogot\u00e1 y Magister en m\u00fasica de la Universidad estatal de Campinas en Sao Paulo Brasil. Con Ida y vuelta ha representado a Colombia en diferentes escenarios y festivales en pa\u00edses como Argentina, Uruguay, Ecuador, Per\u00fa, M\u00e9xico, Espa\u00f1a, B\u00e9lgica, Francia, entre otros.<\/p>\n<p>Jueves 7 de octubre 20 hs. Sala Argentina del Centro Cultural Kirchner, ciudad de Buenos Aires<br \/>\nJueves 14 de octubre 20:30 hs. Teatro Municipal de la Ciudad de Santa Fe<br \/>\nViernes 15 de octubre 20:30 hs. Mercado Progreso de Santa Fe<br \/>\nS\u00e1bado 16 y domingo 17 de octubre 20:30 hs. Centro Cultural Provincial de Santa Fe<\/p>\n","protected":false},"excerpt":{"rendered":"<p>El cuarteto de Sai Conde ofrece un concierto de m\u00fasica colombiana, con instrumentos caracter\u00edsticos como la bandola y el tiple. Interpreta la obra de compositores tradicionales de bambucos, pasillos, polkas, foxes, porros y cumbias. El grupo est\u00e1 integrado por Sai Conde en bandola, Sebasti\u00e1n Escobar en contrabajo, Rodrigo Solano en percusi\u00f3n y Juli\u00e1n Solano en [&hellip;]<\/p>\n","protected":false},"author":1,"featured_media":10267,"comment_status":"closed","ping_status":"closed","sticky":false,"template":"","format":"standard","meta":{"footnotes":""},"categories":[53],"tags":[],"class_list":["post-10266","post","type-post","status-publish","format-standard","has-post-thumbnail","hentry","category-noticias-generales"],"lang":"es","translations":{"es":10266,"pt":10269},"pll_sync_post":[],"post_mailing_queue_ids":[],"_links":{"self":[{"href":"http:\/\/staging.ibermusicas.org\/index.php\/wp-json\/wp\/v2\/posts\/10266","targetHints":{"allow":["GET"]}}],"collection":[{"href":"http:\/\/staging.ibermusicas.org\/index.php\/wp-json\/wp\/v2\/posts"}],"about":[{"href":"http:\/\/staging.ibermusicas.org\/index.php\/wp-json\/wp\/v2\/types\/post"}],"author":[{"embeddable":true,"href":"http:\/\/staging.ibermusicas.org\/index.php\/wp-json\/wp\/v2\/users\/1"}],"replies":[{"embeddable":true,"href":"http:\/\/staging.ibermusicas.org\/index.php\/wp-json\/wp\/v2\/comments?post=10266"}],"version-history":[{"count":1,"href":"http:\/\/staging.ibermusicas.org\/index.php\/wp-json\/wp\/v2\/posts\/10266\/revisions"}],"predecessor-version":[{"id":10268,"href":"http:\/\/staging.ibermusicas.org\/index.php\/wp-json\/wp\/v2\/posts\/10266\/revisions\/10268"}],"wp:featuredmedia":[{"embeddable":true,"href":"http:\/\/staging.ibermusicas.org\/index.php\/wp-json\/wp\/v2\/media\/10267"}],"wp:attachment":[{"href":"http:\/\/staging.ibermusicas.org\/index.php\/wp-json\/wp\/v2\/media?parent=10266"}],"wp:term":[{"taxonomy":"category","embeddable":true,"href":"http:\/\/staging.ibermusicas.org\/index.php\/wp-json\/wp\/v2\/categories?post=10266"},{"taxonomy":"post_tag","embeddable":true,"href":"http:\/\/staging.ibermusicas.org\/index.php\/wp-json\/wp\/v2\/tags?post=10266"}],"curies":[{"name":"wp","href":"https:\/\/api.w.org\/{rel}","templated":true}]}}