{"id":10269,"date":"2021-10-04T18:20:09","date_gmt":"2021-10-04T18:20:09","guid":{"rendered":"http:\/\/staging.ibermusicas.org\/?p=10269"},"modified":"2021-11-01T19:01:18","modified_gmt":"2021-11-01T19:01:18","slug":"o-quarteto-colombiano-sai-conde-chega-a-argentina-para-se-apresentar-em-diversos-cenarios","status":"publish","type":"post","link":"http:\/\/staging.ibermusicas.org\/index.php\/o-quarteto-colombiano-sai-conde-chega-a-argentina-para-se-apresentar-em-diversos-cenarios\/","title":{"rendered":"O quarteto colombiano Sai Conde chega \u00e0 Argentina para se apresentar em diversos cen\u00e1rios"},"content":{"rendered":"<p>O quarteto de Sai Conde oferece um concerto de m\u00fasica colombiana, com instrumentos caracter\u00edsticos como a bandola e o tiple. Interpreta a obra de compositores tradicionais de bambucos, pasillos, polkas, foxes, porros e cumbias. O grupo \u00e9 formado por Sai Conde em bandola, Sebasti\u00e1n Escobar em contrabaixo, Rodrigo Solano em percuss\u00e3o e Juli\u00e1n Solano em tiple.<\/p>\n<p>Sai Conde \u00e9 compositor e int\u00e9rprete da Bandola, o Tiple e a Guitarra, com um importante percurso musical nacional e internacional. Sai Conde irrompeu na Col\u00f4mbia com seu \u201cTrio de Ida e Vuelta\u201d na cena musical, investigando e difundindo uma forma vallecaucana de sentir a m\u00fasica colombiana na qual as aud\u00e1cias de sua caneta como compositor e versionista foram ingrediente essencial. Aproveitou sua passagem pelo Brasil onde fez seu mestrado em m\u00fasica, para permear a grande musicalidade deste pa\u00eds e fundi-la com a magia da Bandola Colombiana. Nessa busca realizou a produ\u00e7\u00e3o musical \u00abO Alavorecer\u00bb ao lado do guitarrista Guilherme Lamas, fazendo uma homenagem ao compositor Ernesto Nazaret.<\/p>\n<p>\u00c9 mestre em composi\u00e7\u00e3o da Universidade Javeriana de Bogot\u00e1 e Magister em m\u00fasica da Universidade Estadual de Campinas, em S\u00e3o Paulo. Com Ida e Volta representou a Col\u00f4mbia em diferentes cen\u00e1rios e festivais em pa\u00edses como Argentina, Uruguai, Equador, Peru, M\u00e9xico, Espanha, B\u00e9lgica, Fran\u00e7a, entre outros.<\/p>\n<p>Quinta-feira 7 de outubro 20 hs. Sala Argentina do Centro Cultural Kirchner, cidade de Buenos Aires<br \/>\nQuinta-feira 14 de outubro 20:30 hs. Teatro Municipal da Cidade de Santa F\u00e9<br \/>\nSexta-feira 15 de outubro 20:30 hs. Mercado Progresso de Santa F\u00e9<br \/>\nS\u00e1bado 16 e domingo 17 de outubro 20:30 hs. Centro Cultural Provincial de Santa F\u00e9<\/p>\n","protected":false},"excerpt":{"rendered":"<p>O quarteto de Sai Conde oferece um concerto de m\u00fasica colombiana, com instrumentos caracter\u00edsticos como a bandola e o tiple. Interpreta a obra de compositores tradicionais de bambucos, pasillos, polkas, foxes, porros e cumbias. O grupo \u00e9 formado por Sai Conde em bandola, Sebasti\u00e1n Escobar em contrabaixo, Rodrigo Solano em percuss\u00e3o e Juli\u00e1n Solano em [&hellip;]<\/p>\n","protected":false},"author":1,"featured_media":10267,"comment_status":"closed","ping_status":"closed","sticky":false,"template":"","format":"standard","meta":{"footnotes":""},"categories":[218],"tags":[],"class_list":["post-10269","post","type-post","status-publish","format-standard","has-post-thumbnail","hentry","category-noticias-generales-pt"],"lang":"pt","translations":{"pt":10269,"es":10266},"pll_sync_post":[],"post_mailing_queue_ids":[],"_links":{"self":[{"href":"http:\/\/staging.ibermusicas.org\/index.php\/wp-json\/wp\/v2\/posts\/10269","targetHints":{"allow":["GET"]}}],"collection":[{"href":"http:\/\/staging.ibermusicas.org\/index.php\/wp-json\/wp\/v2\/posts"}],"about":[{"href":"http:\/\/staging.ibermusicas.org\/index.php\/wp-json\/wp\/v2\/types\/post"}],"author":[{"embeddable":true,"href":"http:\/\/staging.ibermusicas.org\/index.php\/wp-json\/wp\/v2\/users\/1"}],"replies":[{"embeddable":true,"href":"http:\/\/staging.ibermusicas.org\/index.php\/wp-json\/wp\/v2\/comments?post=10269"}],"version-history":[{"count":1,"href":"http:\/\/staging.ibermusicas.org\/index.php\/wp-json\/wp\/v2\/posts\/10269\/revisions"}],"predecessor-version":[{"id":10270,"href":"http:\/\/staging.ibermusicas.org\/index.php\/wp-json\/wp\/v2\/posts\/10269\/revisions\/10270"}],"wp:featuredmedia":[{"embeddable":true,"href":"http:\/\/staging.ibermusicas.org\/index.php\/wp-json\/wp\/v2\/media\/10267"}],"wp:attachment":[{"href":"http:\/\/staging.ibermusicas.org\/index.php\/wp-json\/wp\/v2\/media?parent=10269"}],"wp:term":[{"taxonomy":"category","embeddable":true,"href":"http:\/\/staging.ibermusicas.org\/index.php\/wp-json\/wp\/v2\/categories?post=10269"},{"taxonomy":"post_tag","embeddable":true,"href":"http:\/\/staging.ibermusicas.org\/index.php\/wp-json\/wp\/v2\/tags?post=10269"}],"curies":[{"name":"wp","href":"https:\/\/api.w.org\/{rel}","templated":true}]}}