{"id":10341,"date":"2021-10-16T11:04:52","date_gmt":"2021-10-16T11:04:52","guid":{"rendered":"http:\/\/staging.ibermusicas.org\/?p=10341"},"modified":"2021-12-15T11:20:30","modified_gmt":"2021-12-15T11:20:30","slug":"finalizo-el-periodo-de-inscripcion-a-las-convocatorias-de-ibermusicas-2021","status":"publish","type":"post","link":"http:\/\/staging.ibermusicas.org\/index.php\/finalizo-el-periodo-de-inscripcion-a-las-convocatorias-de-ibermusicas-2021\/","title":{"rendered":"El d\u00eda 15 de diciembre se anunciar\u00e1n los proyectos ganadores de nuestra convocatoria Ayudas al Sector Musical en Modalidad Virtual 2021 junto a las obras ganadoras del Premio Iberm\u00fasicas de Creaci\u00f3n y Estreno de Obra"},"content":{"rendered":"<p>14 jurados integrados por m\u00fasicos, managers, productores y programadores del sector musical iberoamericano se encuentran trabajando en la evaluaci\u00f3n y elecci\u00f3n de las propuestas ganadoras.<\/p>\n<p>Un jurado integrado por prestigiosas compositoras y prestigiosos compositores iberoamericanos se encuentra trabajando en la evaluaci\u00f3n de las obras presentadas a concurso.<\/p>\n<p>Los veredictos de los jurados ser\u00e1n anunciados el d\u00eda\u00a0<strong>mi\u00e9rcoles 15 de diciembre<\/strong>\u00a0en la p\u00e1gina web de Iberm\u00fasicas (<a href=\"http:\/\/staging.ibermusicas.org\/\" target=\"_blank\" rel=\"noopener\" data-saferedirecturl=\"https:\/\/www.google.com\/url?q=http:\/\/staging.ibermusicas.org&amp;source=gmail&amp;ust=1638557142669000&amp;usg=AOvVaw3izISfyFN1Z5XBB-pTEy8J\">staging.ibermusicas.org<\/a>)<\/p>\n","protected":false},"excerpt":{"rendered":"<p>14 jurados integrados por m\u00fasicos, managers, productores y programadores del sector musical iberoamericano se encuentran trabajando en la evaluaci\u00f3n y elecci\u00f3n de las propuestas ganadoras. Un jurado integrado por prestigiosas compositoras y prestigiosos compositores iberoamericanos se encuentra trabajando en la evaluaci\u00f3n de las obras presentadas a concurso. Los veredictos de los jurados ser\u00e1n anunciados el [&hellip;]<\/p>\n","protected":false},"author":1,"featured_media":8204,"comment_status":"closed","ping_status":"closed","sticky":false,"template":"","format":"standard","meta":{"footnotes":""},"categories":[53],"tags":[],"class_list":["post-10341","post","type-post","status-publish","format-standard","has-post-thumbnail","hentry","category-noticias-generales"],"lang":"es","translations":{"es":10341,"pt":10343},"pll_sync_post":[],"post_mailing_queue_ids":[],"_links":{"self":[{"href":"http:\/\/staging.ibermusicas.org\/index.php\/wp-json\/wp\/v2\/posts\/10341","targetHints":{"allow":["GET"]}}],"collection":[{"href":"http:\/\/staging.ibermusicas.org\/index.php\/wp-json\/wp\/v2\/posts"}],"about":[{"href":"http:\/\/staging.ibermusicas.org\/index.php\/wp-json\/wp\/v2\/types\/post"}],"author":[{"embeddable":true,"href":"http:\/\/staging.ibermusicas.org\/index.php\/wp-json\/wp\/v2\/users\/1"}],"replies":[{"embeddable":true,"href":"http:\/\/staging.ibermusicas.org\/index.php\/wp-json\/wp\/v2\/comments?post=10341"}],"version-history":[{"count":3,"href":"http:\/\/staging.ibermusicas.org\/index.php\/wp-json\/wp\/v2\/posts\/10341\/revisions"}],"predecessor-version":[{"id":10942,"href":"http:\/\/staging.ibermusicas.org\/index.php\/wp-json\/wp\/v2\/posts\/10341\/revisions\/10942"}],"wp:featuredmedia":[{"embeddable":true,"href":"http:\/\/staging.ibermusicas.org\/index.php\/wp-json\/wp\/v2\/media\/8204"}],"wp:attachment":[{"href":"http:\/\/staging.ibermusicas.org\/index.php\/wp-json\/wp\/v2\/media?parent=10341"}],"wp:term":[{"taxonomy":"category","embeddable":true,"href":"http:\/\/staging.ibermusicas.org\/index.php\/wp-json\/wp\/v2\/categories?post=10341"},{"taxonomy":"post_tag","embeddable":true,"href":"http:\/\/staging.ibermusicas.org\/index.php\/wp-json\/wp\/v2\/tags?post=10341"}],"curies":[{"name":"wp","href":"https:\/\/api.w.org\/{rel}","templated":true}]}}