{"id":10343,"date":"2021-10-16T11:10:11","date_gmt":"2021-10-16T11:10:11","guid":{"rendered":"http:\/\/staging.ibermusicas.org\/?p=10343"},"modified":"2021-12-15T11:22:45","modified_gmt":"2021-12-15T11:22:45","slug":"finalizou-o-periodo-de-inscricao-as-convocatorias-de-ibermusicas-2021","status":"publish","type":"post","link":"http:\/\/staging.ibermusicas.org\/index.php\/finalizou-o-periodo-de-inscricao-as-convocatorias-de-ibermusicas-2021\/","title":{"rendered":"No dia 15 de dezembro ser\u00e3o anunciados os projetos ganhadores de nosso edital Ajudas ao Setor Musical em Modalidade Virtual 2021 junto \u00e0s obras ganhadoras do Pr\u00eamio Iberm\u00fasicas de Cria\u00e7\u00e3o e Estr\u00e9ia de Obra"},"content":{"rendered":"<p>14 jurados integrados por m\u00fasicos, managers, produtores e programadores do setor musical ibero-americano se encontram trabalhando na avalia\u00e7\u00e3o e escolha das propostas ganhadoras.<\/p>\n<p>Um j\u00fari composto por prestigiosas compositoras e prestigiosos compositores ibero-americanos est\u00e1 trabalhando na avalia\u00e7\u00e3o das obras apresentadas a concurso.<\/p>\n<p>Os veredictos dos jurados ser\u00e3o anunciados na<strong>\u00a0quarta-feira, 15 de dezembro<\/strong>, no site da Iberm\u00fasicas<\/p>\n","protected":false},"excerpt":{"rendered":"<p>14 jurados integrados por m\u00fasicos, managers, produtores e programadores do setor musical ibero-americano se encontram trabalhando na avalia\u00e7\u00e3o e escolha das propostas ganhadoras. Um j\u00fari composto por prestigiosas compositoras e prestigiosos compositores ibero-americanos est\u00e1 trabalhando na avalia\u00e7\u00e3o das obras apresentadas a concurso. Os veredictos dos jurados ser\u00e3o anunciados na\u00a0quarta-feira, 15 de dezembro, no site da [&hellip;]<\/p>\n","protected":false},"author":1,"featured_media":8204,"comment_status":"closed","ping_status":"closed","sticky":false,"template":"","format":"standard","meta":{"footnotes":""},"categories":[218],"tags":[],"class_list":["post-10343","post","type-post","status-publish","format-standard","has-post-thumbnail","hentry","category-noticias-generales-pt"],"lang":"pt","translations":{"pt":10343,"es":10341},"pll_sync_post":[],"post_mailing_queue_ids":[],"_links":{"self":[{"href":"http:\/\/staging.ibermusicas.org\/index.php\/wp-json\/wp\/v2\/posts\/10343","targetHints":{"allow":["GET"]}}],"collection":[{"href":"http:\/\/staging.ibermusicas.org\/index.php\/wp-json\/wp\/v2\/posts"}],"about":[{"href":"http:\/\/staging.ibermusicas.org\/index.php\/wp-json\/wp\/v2\/types\/post"}],"author":[{"embeddable":true,"href":"http:\/\/staging.ibermusicas.org\/index.php\/wp-json\/wp\/v2\/users\/1"}],"replies":[{"embeddable":true,"href":"http:\/\/staging.ibermusicas.org\/index.php\/wp-json\/wp\/v2\/comments?post=10343"}],"version-history":[{"count":2,"href":"http:\/\/staging.ibermusicas.org\/index.php\/wp-json\/wp\/v2\/posts\/10343\/revisions"}],"predecessor-version":[{"id":10943,"href":"http:\/\/staging.ibermusicas.org\/index.php\/wp-json\/wp\/v2\/posts\/10343\/revisions\/10943"}],"wp:featuredmedia":[{"embeddable":true,"href":"http:\/\/staging.ibermusicas.org\/index.php\/wp-json\/wp\/v2\/media\/8204"}],"wp:attachment":[{"href":"http:\/\/staging.ibermusicas.org\/index.php\/wp-json\/wp\/v2\/media?parent=10343"}],"wp:term":[{"taxonomy":"category","embeddable":true,"href":"http:\/\/staging.ibermusicas.org\/index.php\/wp-json\/wp\/v2\/categories?post=10343"},{"taxonomy":"post_tag","embeddable":true,"href":"http:\/\/staging.ibermusicas.org\/index.php\/wp-json\/wp\/v2\/tags?post=10343"}],"curies":[{"name":"wp","href":"https:\/\/api.w.org\/{rel}","templated":true}]}}