{"id":10366,"date":"2021-10-20T13:33:19","date_gmt":"2021-10-20T13:33:19","guid":{"rendered":"http:\/\/staging.ibermusicas.org\/?p=10366"},"modified":"2021-11-01T18:57:27","modified_gmt":"2021-11-01T18:57:27","slug":"la-cantante-uruguaya-maia-castro-realizara-una-gira-por-portugal","status":"publish","type":"post","link":"http:\/\/staging.ibermusicas.org\/index.php\/la-cantante-uruguaya-maia-castro-realizara-una-gira-por-portugal\/","title":{"rendered":"La cantante uruguaya Maia Castro realizar\u00e1 una gira por Portugal"},"content":{"rendered":"<p>Maia Castro participar\u00e1 de EXIB M\u00fasica 2021, la feria internacional de m\u00fasica dedicada al encuentro de m\u00fasicos y promotores de la m\u00fasica iberoamericana para su difusi\u00f3n en Europa y el mundo que se realizar en la ciudad de Set\u00fabal, Portugal. A la vez realizar\u00e1 una gira por otros escenarios lusitanos.<\/p>\n<p>Maia Castro es una de las compositoras e int\u00e9rpretes m\u00e1s importantes de la escena tanguera y milonguera montevideana. Nacida en 1980 en Montevideo,Uruguay, viene desarrollando su carrera solista desde 2005. Cuenta con cuatro trabajos discogr\u00e1ficos: \u00abMaia Castro\u00bb (2007), \u00abLluvia Inerte\u00bb (2009), \u00abDe saltos y otros vientos\u00bb (2012) y \u00abMilongas, tangos y otros vientos en vivo\u00bb (2015). Es parte de la movida musical uruguaya desde el a\u00f1o 1995 siendo integrante de Antimurga BCG y La Mojigata. En 1996 fue nominada a mejor voz del carnaval.<\/p>\n<p>Durante esta gira, Maia Castro estar\u00e1 acompa\u00f1ada por Horacio Di Yiorio (piano) y Santiago Peraza (guitarra) realizando canciones de su amplio repertorio.<\/p>\n<p>\u2022 S\u00e1bado 23 de octubre EXIB M\u00fasica, Set\u00fabal<br \/>\n\u2022 Viernes 29 de octubre Casa da Am\u00e9rica Latina en Lisboa<br \/>\n\u2022 Jueves 4 de noviembre Festival das Marias, Aljustrel<\/p>\n","protected":false},"excerpt":{"rendered":"<p>Maia Castro participar\u00e1 de EXIB M\u00fasica 2021, la feria internacional de m\u00fasica dedicada al encuentro de m\u00fasicos y promotores de la m\u00fasica iberoamericana para su difusi\u00f3n en Europa y el mundo que se realizar en la ciudad de Set\u00fabal, Portugal. A la vez realizar\u00e1 una gira por otros escenarios lusitanos. Maia Castro es una de [&hellip;]<\/p>\n","protected":false},"author":1,"featured_media":10367,"comment_status":"closed","ping_status":"closed","sticky":false,"template":"","format":"standard","meta":{"footnotes":""},"categories":[53],"tags":[],"class_list":["post-10366","post","type-post","status-publish","format-standard","has-post-thumbnail","hentry","category-noticias-generales"],"lang":"es","translations":{"es":10366,"pt":10369},"pll_sync_post":[],"post_mailing_queue_ids":[],"_links":{"self":[{"href":"http:\/\/staging.ibermusicas.org\/index.php\/wp-json\/wp\/v2\/posts\/10366","targetHints":{"allow":["GET"]}}],"collection":[{"href":"http:\/\/staging.ibermusicas.org\/index.php\/wp-json\/wp\/v2\/posts"}],"about":[{"href":"http:\/\/staging.ibermusicas.org\/index.php\/wp-json\/wp\/v2\/types\/post"}],"author":[{"embeddable":true,"href":"http:\/\/staging.ibermusicas.org\/index.php\/wp-json\/wp\/v2\/users\/1"}],"replies":[{"embeddable":true,"href":"http:\/\/staging.ibermusicas.org\/index.php\/wp-json\/wp\/v2\/comments?post=10366"}],"version-history":[{"count":1,"href":"http:\/\/staging.ibermusicas.org\/index.php\/wp-json\/wp\/v2\/posts\/10366\/revisions"}],"predecessor-version":[{"id":10368,"href":"http:\/\/staging.ibermusicas.org\/index.php\/wp-json\/wp\/v2\/posts\/10366\/revisions\/10368"}],"wp:featuredmedia":[{"embeddable":true,"href":"http:\/\/staging.ibermusicas.org\/index.php\/wp-json\/wp\/v2\/media\/10367"}],"wp:attachment":[{"href":"http:\/\/staging.ibermusicas.org\/index.php\/wp-json\/wp\/v2\/media?parent=10366"}],"wp:term":[{"taxonomy":"category","embeddable":true,"href":"http:\/\/staging.ibermusicas.org\/index.php\/wp-json\/wp\/v2\/categories?post=10366"},{"taxonomy":"post_tag","embeddable":true,"href":"http:\/\/staging.ibermusicas.org\/index.php\/wp-json\/wp\/v2\/tags?post=10366"}],"curies":[{"name":"wp","href":"https:\/\/api.w.org\/{rel}","templated":true}]}}