{"id":10369,"date":"2021-10-20T13:35:17","date_gmt":"2021-10-20T13:35:17","guid":{"rendered":"http:\/\/staging.ibermusicas.org\/?p=10369"},"modified":"2021-11-01T19:01:07","modified_gmt":"2021-11-01T19:01:07","slug":"a-cantora-uruguaia-maia-castro-realizara-uma-turne-por-portugal","status":"publish","type":"post","link":"http:\/\/staging.ibermusicas.org\/index.php\/a-cantora-uruguaia-maia-castro-realizara-uma-turne-por-portugal\/","title":{"rendered":"A cantora uruguaia Maia Castro realizar\u00e1 uma turn\u00ea por Portugal"},"content":{"rendered":"<p>Maia Castro participar\u00e1 do EXIB M\u00fasica 2021, a feira internacional de m\u00fasica dedicada ao encontro de m\u00fasicos e promotores da m\u00fasica ibero-americana para sua difus\u00e3o na Europa e no mundo que se realizar\u00e1 na cidade de Set\u00fabal, Portugal. Ao mesmo tempo far\u00e1 uma turn\u00ea por outros cen\u00e1rios lusitanos.<\/p>\n<p>Maia Castro \u00e9 uma das compositoras e int\u00e9rpretes mais importantes da cena tanguera e milonguera montevideana. Nascida em 1980 em Montevid\u00e9u, Uruguai, vem desenvolvendo sua carreira solista desde 2005. Conta com quatro trabalhos discogr\u00e1ficos: \u00abMaia Castro\u00bb (2007), \u00abChuva Inerte\u00bb (2009), \u00abDe saltos e outros ventos\u00bb (2012) e \u00abMilongas, tangos e outros ventos ao vivo\u00bb (2015). Faz parte do movimento musical uruguaio desde 1995 sendo integrante de Antimurga BCG e La Mojigata. Em 1996 foi nomeada a melhor voz do carnaval.<\/p>\n<p>Durante esta turn\u00ea, Maia Castro ser\u00e1 acompanhada por Horacio Di Yiorio (piano) e Santiago Peraza (guitarra) realizando can\u00e7\u00f5es de seu amplo repert\u00f3rio.<\/p>\n<p>\u2022 S\u00e1bado 23 de outubro EXIB M\u00fasica, Set\u00fabal, Portugal<br \/>\n\u2022 Sexta-feira 29 de outubro Casa da Am\u00e9rica Latina em Lisboal, Portugal<br \/>\n\u2022 Quinta-feira 4 de novembro Festival das Marias, Aljustrell, Portugal<\/p>\n","protected":false},"excerpt":{"rendered":"<p>Maia Castro participar\u00e1 do EXIB M\u00fasica 2021, a feira internacional de m\u00fasica dedicada ao encontro de m\u00fasicos e promotores da m\u00fasica ibero-americana para sua difus\u00e3o na Europa e no mundo que se realizar\u00e1 na cidade de Set\u00fabal, Portugal. Ao mesmo tempo far\u00e1 uma turn\u00ea por outros cen\u00e1rios lusitanos. Maia Castro \u00e9 uma das compositoras e [&hellip;]<\/p>\n","protected":false},"author":1,"featured_media":10367,"comment_status":"closed","ping_status":"closed","sticky":false,"template":"","format":"standard","meta":{"footnotes":""},"categories":[218],"tags":[],"class_list":["post-10369","post","type-post","status-publish","format-standard","has-post-thumbnail","hentry","category-noticias-generales-pt"],"lang":"pt","translations":{"pt":10369,"es":10366},"pll_sync_post":[],"post_mailing_queue_ids":[],"_links":{"self":[{"href":"http:\/\/staging.ibermusicas.org\/index.php\/wp-json\/wp\/v2\/posts\/10369","targetHints":{"allow":["GET"]}}],"collection":[{"href":"http:\/\/staging.ibermusicas.org\/index.php\/wp-json\/wp\/v2\/posts"}],"about":[{"href":"http:\/\/staging.ibermusicas.org\/index.php\/wp-json\/wp\/v2\/types\/post"}],"author":[{"embeddable":true,"href":"http:\/\/staging.ibermusicas.org\/index.php\/wp-json\/wp\/v2\/users\/1"}],"replies":[{"embeddable":true,"href":"http:\/\/staging.ibermusicas.org\/index.php\/wp-json\/wp\/v2\/comments?post=10369"}],"version-history":[{"count":1,"href":"http:\/\/staging.ibermusicas.org\/index.php\/wp-json\/wp\/v2\/posts\/10369\/revisions"}],"predecessor-version":[{"id":10370,"href":"http:\/\/staging.ibermusicas.org\/index.php\/wp-json\/wp\/v2\/posts\/10369\/revisions\/10370"}],"wp:featuredmedia":[{"embeddable":true,"href":"http:\/\/staging.ibermusicas.org\/index.php\/wp-json\/wp\/v2\/media\/10367"}],"wp:attachment":[{"href":"http:\/\/staging.ibermusicas.org\/index.php\/wp-json\/wp\/v2\/media?parent=10369"}],"wp:term":[{"taxonomy":"category","embeddable":true,"href":"http:\/\/staging.ibermusicas.org\/index.php\/wp-json\/wp\/v2\/categories?post=10369"},{"taxonomy":"post_tag","embeddable":true,"href":"http:\/\/staging.ibermusicas.org\/index.php\/wp-json\/wp\/v2\/tags?post=10369"}],"curies":[{"name":"wp","href":"https:\/\/api.w.org\/{rel}","templated":true}]}}