{"id":10371,"date":"2021-10-20T13:37:59","date_gmt":"2021-10-20T13:37:59","guid":{"rendered":"http:\/\/staging.ibermusicas.org\/?p=10371"},"modified":"2021-10-20T13:37:59","modified_gmt":"2021-10-20T13:37:59","slug":"la-percusionista-argentina-vivi-pozzebon-lanza-el-primer-video-de-su-nuevo-trabajo-en-colaboracion-con-percusionistas-de-iberoamerica","status":"publish","type":"post","link":"http:\/\/staging.ibermusicas.org\/index.php\/la-percusionista-argentina-vivi-pozzebon-lanza-el-primer-video-de-su-nuevo-trabajo-en-colaboracion-con-percusionistas-de-iberoamerica\/","title":{"rendered":"La percusionista argentina Vivi Pozzeb\u00f3n lanza el primer video de su nuevo trabajo en colaboraci\u00f3n con percusionistas de Iberoam\u00e9rica"},"content":{"rendered":"<p>El 15 de octubre se lanz\u00f3 el 1er. adelanto de Tamboreras por el Mundo &#8211; Vol 1, el nuevo material discogra\u0301fico y conceptual de la cantante, inte\u0301rprete y compositora cordobesaViviPozzebo\u0301n editado por Los An\u0303os Luz Discos. El trabajo cuenta con la colaboracio\u0301n de Orito Cantora y Jenndel Tambo de Colombia, Ses de Galicia, La Melaza Candombe de Uruguay, Liliana Zavala de Argentina, Milagros Blades de Panam\u00e1 y Yissy Garc\u00eda de Cuba.<\/p>\n<p>Vivi investiga a lo largo de su carrera sobre las rai\u0301ces africanas en el folclore de Argentina y Latinoam\u00e9rica.Tiene 3 discos solistas. Forma parte de \u201cDe boca en boca\u201d y es Co-Directora del proyecto \u201cTamboreras \u2013 Mujeres al Tambor\u201d. Ella es un universo enorme de mu\u0301sica, investigacio\u0301n, escenarios y proyectos realizados.<\/p>\n","protected":false},"excerpt":{"rendered":"<p>El 15 de octubre se lanz\u00f3 el 1er. adelanto de Tamboreras por el Mundo &#8211; Vol 1, el nuevo material discogra\u0301fico y conceptual de la cantante, inte\u0301rprete y compositora cordobesaViviPozzebo\u0301n editado por Los An\u0303os Luz Discos. El trabajo cuenta con la colaboracio\u0301n de Orito Cantora y Jenndel Tambo de Colombia, Ses de Galicia, La Melaza [&hellip;]<\/p>\n","protected":false},"author":1,"featured_media":10372,"comment_status":"closed","ping_status":"closed","sticky":false,"template":"","format":"standard","meta":{"footnotes":""},"categories":[53],"tags":[],"class_list":["post-10371","post","type-post","status-publish","format-standard","has-post-thumbnail","hentry","category-noticias-generales"],"lang":"es","translations":{"es":10371,"pt":10374},"pll_sync_post":[],"post_mailing_queue_ids":[],"_links":{"self":[{"href":"http:\/\/staging.ibermusicas.org\/index.php\/wp-json\/wp\/v2\/posts\/10371","targetHints":{"allow":["GET"]}}],"collection":[{"href":"http:\/\/staging.ibermusicas.org\/index.php\/wp-json\/wp\/v2\/posts"}],"about":[{"href":"http:\/\/staging.ibermusicas.org\/index.php\/wp-json\/wp\/v2\/types\/post"}],"author":[{"embeddable":true,"href":"http:\/\/staging.ibermusicas.org\/index.php\/wp-json\/wp\/v2\/users\/1"}],"replies":[{"embeddable":true,"href":"http:\/\/staging.ibermusicas.org\/index.php\/wp-json\/wp\/v2\/comments?post=10371"}],"version-history":[{"count":1,"href":"http:\/\/staging.ibermusicas.org\/index.php\/wp-json\/wp\/v2\/posts\/10371\/revisions"}],"predecessor-version":[{"id":10373,"href":"http:\/\/staging.ibermusicas.org\/index.php\/wp-json\/wp\/v2\/posts\/10371\/revisions\/10373"}],"wp:featuredmedia":[{"embeddable":true,"href":"http:\/\/staging.ibermusicas.org\/index.php\/wp-json\/wp\/v2\/media\/10372"}],"wp:attachment":[{"href":"http:\/\/staging.ibermusicas.org\/index.php\/wp-json\/wp\/v2\/media?parent=10371"}],"wp:term":[{"taxonomy":"category","embeddable":true,"href":"http:\/\/staging.ibermusicas.org\/index.php\/wp-json\/wp\/v2\/categories?post=10371"},{"taxonomy":"post_tag","embeddable":true,"href":"http:\/\/staging.ibermusicas.org\/index.php\/wp-json\/wp\/v2\/tags?post=10371"}],"curies":[{"name":"wp","href":"https:\/\/api.w.org\/{rel}","templated":true}]}}