{"id":10374,"date":"2021-10-20T13:39:42","date_gmt":"2021-10-20T13:39:42","guid":{"rendered":"http:\/\/staging.ibermusicas.org\/?p=10374"},"modified":"2021-10-20T13:39:42","modified_gmt":"2021-10-20T13:39:42","slug":"a-percussionista-argentina-vivi-pozzebon-lanca-o-primeiro-video-de-seu-novo-trabalho-em-colaboracao-com-percussionistas-de-iberoamerica","status":"publish","type":"post","link":"http:\/\/staging.ibermusicas.org\/index.php\/a-percussionista-argentina-vivi-pozzebon-lanca-o-primeiro-video-de-seu-novo-trabalho-em-colaboracao-com-percussionistas-de-iberoamerica\/","title":{"rendered":"A percussionista argentina Vivi Pozzeb\u00f3n lan\u00e7a o primeiro v\u00eddeo de seu novo trabalho em colabora\u00e7\u00e3o com percussionistas de Iberoam\u00e9rica"},"content":{"rendered":"<p>Em 15 de outubro foi lan\u00e7ado o 1\u00ba. avan\u00e7o de Tamboreras por el Mundo &#8211; Vol 1, o novo material discogr\u00e1fico e conceptual da cantora, int\u00e9rprete e compositora cordobesa Vivi Pozzeb\u00f3n editado por Los A\u00f1os Luz Discos. O trabalho conta com a colabora\u00e7\u00e3o de Orito Cantora e Jenn del Tambo da Col\u00f4mbia, Ses de Galicia, La Melaza Candombe do Uruguai, Liliana Zavala da Argentina, Milagros Blades do Panam\u00e1 e Yissy Garc\u00eda de Cuba.<\/p>\n<p>Vivi investiga ao longo de sua carreira sobre as ra\u00edzes africanas no folclore da Argentina e Am\u00e9rica Latina. Tem 3 discos solistas. Faz parte de \u00abDe boca em boca\u00bb e \u00e9 co-diretora do projeto \u00abTamboreras &#8211; Mulheres ao Tambor\u00bb. Ela \u00e9 um universo enorme de m\u00fasica, pesquisa, cen\u00e1rios e projetos realizados.<\/p>\n","protected":false},"excerpt":{"rendered":"<p>Em 15 de outubro foi lan\u00e7ado o 1\u00ba. avan\u00e7o de Tamboreras por el Mundo &#8211; Vol 1, o novo material discogr\u00e1fico e conceptual da cantora, int\u00e9rprete e compositora cordobesa Vivi Pozzeb\u00f3n editado por Los A\u00f1os Luz Discos. O trabalho conta com a colabora\u00e7\u00e3o de Orito Cantora e Jenn del Tambo da Col\u00f4mbia, Ses de Galicia, [&hellip;]<\/p>\n","protected":false},"author":1,"featured_media":10372,"comment_status":"closed","ping_status":"closed","sticky":false,"template":"","format":"standard","meta":{"footnotes":""},"categories":[218],"tags":[],"class_list":["post-10374","post","type-post","status-publish","format-standard","has-post-thumbnail","hentry","category-noticias-generales-pt"],"lang":"pt","translations":{"pt":10374,"es":10371},"pll_sync_post":[],"post_mailing_queue_ids":[],"_links":{"self":[{"href":"http:\/\/staging.ibermusicas.org\/index.php\/wp-json\/wp\/v2\/posts\/10374","targetHints":{"allow":["GET"]}}],"collection":[{"href":"http:\/\/staging.ibermusicas.org\/index.php\/wp-json\/wp\/v2\/posts"}],"about":[{"href":"http:\/\/staging.ibermusicas.org\/index.php\/wp-json\/wp\/v2\/types\/post"}],"author":[{"embeddable":true,"href":"http:\/\/staging.ibermusicas.org\/index.php\/wp-json\/wp\/v2\/users\/1"}],"replies":[{"embeddable":true,"href":"http:\/\/staging.ibermusicas.org\/index.php\/wp-json\/wp\/v2\/comments?post=10374"}],"version-history":[{"count":1,"href":"http:\/\/staging.ibermusicas.org\/index.php\/wp-json\/wp\/v2\/posts\/10374\/revisions"}],"predecessor-version":[{"id":10375,"href":"http:\/\/staging.ibermusicas.org\/index.php\/wp-json\/wp\/v2\/posts\/10374\/revisions\/10375"}],"wp:featuredmedia":[{"embeddable":true,"href":"http:\/\/staging.ibermusicas.org\/index.php\/wp-json\/wp\/v2\/media\/10372"}],"wp:attachment":[{"href":"http:\/\/staging.ibermusicas.org\/index.php\/wp-json\/wp\/v2\/media?parent=10374"}],"wp:term":[{"taxonomy":"category","embeddable":true,"href":"http:\/\/staging.ibermusicas.org\/index.php\/wp-json\/wp\/v2\/categories?post=10374"},{"taxonomy":"post_tag","embeddable":true,"href":"http:\/\/staging.ibermusicas.org\/index.php\/wp-json\/wp\/v2\/tags?post=10374"}],"curies":[{"name":"wp","href":"https:\/\/api.w.org\/{rel}","templated":true}]}}