{"id":10376,"date":"2021-10-20T13:43:46","date_gmt":"2021-10-20T13:43:46","guid":{"rendered":"http:\/\/staging.ibermusicas.org\/?p=10376"},"modified":"2021-11-01T18:57:17","modified_gmt":"2021-11-01T18:57:17","slug":"daniel-quaranta-y-doriana-mendes-de-brasil-presentan-en-portugal-la-obra-helena-y-su-ventrilocuo","status":"publish","type":"post","link":"http:\/\/staging.ibermusicas.org\/index.php\/daniel-quaranta-y-doriana-mendes-de-brasil-presentan-en-portugal-la-obra-helena-y-su-ventrilocuo\/","title":{"rendered":"Daniel Quaranta y Doriana Mendes de Brasil presentan en Portugal la obra \u201cHelena y su ventr\u00edlocuo\u201d"},"content":{"rendered":"<p>Helena y su ventr\u00edlocuo es una \u00f3pera-pel\u00edcula resultado de la asociaci\u00f3n creativa entre el compositor y Perfomer Daniel Quaranta (m\u00fasica, video, texto y guion) y DorianaMendes (interpretaci\u00f3n, canto, voces y direcci\u00f3n esc\u00e9nica). Originariamente fue creada como una obra electroac\u00fastica multimedia que re\u00fane m\u00faltiples lenguajes como el teatro, la danza, la poes\u00eda y el video.<\/p>\n<p>Se trata de una \u00f3pera en formato cinematogr\u00e1fico. La obra cuenta la historia de Helena, una mujer contempor\u00e1nea en busca de su propia voz. El personaje, encarnado en la pel\u00edcula por la actriz soprano DorianaMendes, se relaciona con su alter-ego creando una situaci\u00f3n dial\u00f3gica a trav\u00e9s del habla, del canto y de una secuencia de acciones en su ambiente interno y urbano.<\/p>\n<p>Helena y su ventr\u00edlocuo invitan al p\u00fablico a sumergirse en un universo de sonidos e im\u00e1genes que traspasan lo real y lo imaginario, dentro de una atm\u00f3sfera l\u00fadica y on\u00edrica.<\/p>\n<p>Viernes 29 de octubre 21:30 hs.Festival DME<br \/>\nPor los canales de Youtube y Facebook del Festival DME<\/p>\n","protected":false},"excerpt":{"rendered":"<p>Helena y su ventr\u00edlocuo es una \u00f3pera-pel\u00edcula resultado de la asociaci\u00f3n creativa entre el compositor y Perfomer Daniel Quaranta (m\u00fasica, video, texto y guion) y DorianaMendes (interpretaci\u00f3n, canto, voces y direcci\u00f3n esc\u00e9nica). Originariamente fue creada como una obra electroac\u00fastica multimedia que re\u00fane m\u00faltiples lenguajes como el teatro, la danza, la poes\u00eda y el video. Se [&hellip;]<\/p>\n","protected":false},"author":1,"featured_media":10377,"comment_status":"closed","ping_status":"closed","sticky":false,"template":"","format":"standard","meta":{"footnotes":""},"categories":[53],"tags":[],"class_list":["post-10376","post","type-post","status-publish","format-standard","has-post-thumbnail","hentry","category-noticias-generales"],"lang":"es","translations":{"es":10376,"pt":10379},"pll_sync_post":[],"post_mailing_queue_ids":[],"_links":{"self":[{"href":"http:\/\/staging.ibermusicas.org\/index.php\/wp-json\/wp\/v2\/posts\/10376","targetHints":{"allow":["GET"]}}],"collection":[{"href":"http:\/\/staging.ibermusicas.org\/index.php\/wp-json\/wp\/v2\/posts"}],"about":[{"href":"http:\/\/staging.ibermusicas.org\/index.php\/wp-json\/wp\/v2\/types\/post"}],"author":[{"embeddable":true,"href":"http:\/\/staging.ibermusicas.org\/index.php\/wp-json\/wp\/v2\/users\/1"}],"replies":[{"embeddable":true,"href":"http:\/\/staging.ibermusicas.org\/index.php\/wp-json\/wp\/v2\/comments?post=10376"}],"version-history":[{"count":1,"href":"http:\/\/staging.ibermusicas.org\/index.php\/wp-json\/wp\/v2\/posts\/10376\/revisions"}],"predecessor-version":[{"id":10378,"href":"http:\/\/staging.ibermusicas.org\/index.php\/wp-json\/wp\/v2\/posts\/10376\/revisions\/10378"}],"wp:featuredmedia":[{"embeddable":true,"href":"http:\/\/staging.ibermusicas.org\/index.php\/wp-json\/wp\/v2\/media\/10377"}],"wp:attachment":[{"href":"http:\/\/staging.ibermusicas.org\/index.php\/wp-json\/wp\/v2\/media?parent=10376"}],"wp:term":[{"taxonomy":"category","embeddable":true,"href":"http:\/\/staging.ibermusicas.org\/index.php\/wp-json\/wp\/v2\/categories?post=10376"},{"taxonomy":"post_tag","embeddable":true,"href":"http:\/\/staging.ibermusicas.org\/index.php\/wp-json\/wp\/v2\/tags?post=10376"}],"curies":[{"name":"wp","href":"https:\/\/api.w.org\/{rel}","templated":true}]}}