{"id":10379,"date":"2021-10-20T13:45:09","date_gmt":"2021-10-20T13:45:09","guid":{"rendered":"http:\/\/staging.ibermusicas.org\/?p=10379"},"modified":"2021-11-01T19:00:55","modified_gmt":"2021-11-01T19:00:55","slug":"daniel-quaranta-e-doriana-mendes-do-brasil-apresentam-em-portugal-a-obra-helena-e-seu-ventriloquo","status":"publish","type":"post","link":"http:\/\/staging.ibermusicas.org\/index.php\/daniel-quaranta-e-doriana-mendes-do-brasil-apresentam-em-portugal-a-obra-helena-e-seu-ventriloquo\/","title":{"rendered":"Daniel Quaranta e Doriana Mendes do Brasil apresentam em Portugal a obra \u00abHelena e seu ventr\u00edloquo\u00bb"},"content":{"rendered":"<p>Helena e seu ventr\u00edloquo \u00e9 uma \u00f3pera-filme resultado da parceria criativa entre compositor e perfomer Daniel Quaranta (m\u00fasica, video, texto e roteiro) e Doriana Mendes (interpreta\u00e7\u00e3o, canto, vozes e dire\u00e7\u00e3o c\u00eanica). Originariamente foi criada como uma obra eletroac\u00fastica multimedia que re\u00fane m\u00faltiplas linguagens como o teatro, a dan\u00e7a, a poesia e o video.<\/p>\n<p>Tratase de uma \u00f3pera em formato cinematogr\u00e1fico. A obra conta a hist\u00f3ria de Helena, uma mulher contempor\u00e2nea em busca de sua pr\u00f3pria voz. A personagem, vivida no filme pela atriz-soprano Doriana Mendes, se relaciona com seu alter-ego criando uma situa\u00e7\u00e3o dial\u00f3gica atrav\u00e9s da fala, do canto e de uma sequ\u00eancia de a\u00e7\u00f5es em seu ambiente interno e urbano.<\/p>\n<p>Helena e seu ventr\u00edloquo convida o p\u00fablico a mergulhar num universo de sons e imagens que transpassam o real e o imagin\u00e1rio, imersa numa atmosfera l\u00fadica e on\u00edrica.<\/p>\n<p>Sexsta-feira 29 de outubro 21:30 hs.Festival DME<br \/>\nNos canais do Youtube e Facebook do DME Festival<\/p>\n","protected":false},"excerpt":{"rendered":"<p>Helena e seu ventr\u00edloquo \u00e9 uma \u00f3pera-filme resultado da parceria criativa entre compositor e perfomer Daniel Quaranta (m\u00fasica, video, texto e roteiro) e Doriana Mendes (interpreta\u00e7\u00e3o, canto, vozes e dire\u00e7\u00e3o c\u00eanica). Originariamente foi criada como uma obra eletroac\u00fastica multimedia que re\u00fane m\u00faltiplas linguagens como o teatro, a dan\u00e7a, a poesia e o video. Tratase de [&hellip;]<\/p>\n","protected":false},"author":1,"featured_media":10377,"comment_status":"closed","ping_status":"closed","sticky":false,"template":"","format":"standard","meta":{"footnotes":""},"categories":[218],"tags":[],"class_list":["post-10379","post","type-post","status-publish","format-standard","has-post-thumbnail","hentry","category-noticias-generales-pt"],"lang":"pt","translations":{"pt":10379,"es":10376},"pll_sync_post":[],"post_mailing_queue_ids":[],"_links":{"self":[{"href":"http:\/\/staging.ibermusicas.org\/index.php\/wp-json\/wp\/v2\/posts\/10379","targetHints":{"allow":["GET"]}}],"collection":[{"href":"http:\/\/staging.ibermusicas.org\/index.php\/wp-json\/wp\/v2\/posts"}],"about":[{"href":"http:\/\/staging.ibermusicas.org\/index.php\/wp-json\/wp\/v2\/types\/post"}],"author":[{"embeddable":true,"href":"http:\/\/staging.ibermusicas.org\/index.php\/wp-json\/wp\/v2\/users\/1"}],"replies":[{"embeddable":true,"href":"http:\/\/staging.ibermusicas.org\/index.php\/wp-json\/wp\/v2\/comments?post=10379"}],"version-history":[{"count":1,"href":"http:\/\/staging.ibermusicas.org\/index.php\/wp-json\/wp\/v2\/posts\/10379\/revisions"}],"predecessor-version":[{"id":10380,"href":"http:\/\/staging.ibermusicas.org\/index.php\/wp-json\/wp\/v2\/posts\/10379\/revisions\/10380"}],"wp:featuredmedia":[{"embeddable":true,"href":"http:\/\/staging.ibermusicas.org\/index.php\/wp-json\/wp\/v2\/media\/10377"}],"wp:attachment":[{"href":"http:\/\/staging.ibermusicas.org\/index.php\/wp-json\/wp\/v2\/media?parent=10379"}],"wp:term":[{"taxonomy":"category","embeddable":true,"href":"http:\/\/staging.ibermusicas.org\/index.php\/wp-json\/wp\/v2\/categories?post=10379"},{"taxonomy":"post_tag","embeddable":true,"href":"http:\/\/staging.ibermusicas.org\/index.php\/wp-json\/wp\/v2\/tags?post=10379"}],"curies":[{"name":"wp","href":"https:\/\/api.w.org\/{rel}","templated":true}]}}