{"id":10381,"date":"2021-10-20T13:47:49","date_gmt":"2021-10-20T13:47:49","guid":{"rendered":"http:\/\/staging.ibermusicas.org\/?p=10381"},"modified":"2021-11-01T18:57:05","modified_gmt":"2021-11-01T18:57:05","slug":"continua-desde-mexico-y-colombia-huums-cronotopia-sonora-un-ciclo-de-escucha-e-intercambio-de-saberes-sobre-musica-y-sonoridad-de-los-pueblos-originarios","status":"publish","type":"post","link":"http:\/\/staging.ibermusicas.org\/index.php\/continua-desde-mexico-y-colombia-huums-cronotopia-sonora-un-ciclo-de-escucha-e-intercambio-de-saberes-sobre-musica-y-sonoridad-de-los-pueblos-originarios\/","title":{"rendered":"Contin\u00faa desde M\u00e9xico y Colombia HUUMS! Cronotop\u00eda Sonora, un ciclo de escucha e intercambio de saberes sobre m\u00fasica y sonoridad de los pueblos originarios"},"content":{"rendered":"<p>HUUMS! &#8211; Cronotop\u00edas Sonoras es un ciclo virtual de escucha e intercambio de saberes sobre m\u00fasica y sonoridad contempor\u00e1nea de los pueblos originarios. Es una iniciativa de difusi\u00f3n e investigaci\u00f3n sobre m\u00fasica popular contempor\u00e1nea, arte y experimentaci\u00f3n sonora desde una perspectiva transcultural, multiling\u00fce, transfronteriza, cr\u00edtica y colaborativa.<\/p>\n<p>A trav\u00e9s de una serie de cuatro episodios en formato video-podcast, se presentan distintas experiencias de creaci\u00f3n sonora contempor\u00e1nea situadas en culturas ind\u00edgenas en M\u00e9xico y Colombia. Artistas multidisciplinarios, m\u00fasicos, raperos y sabedores tradicionales y comunitarios, construyen comunidad desde distintos lugares de resonancia a trav\u00e9s de la producci\u00f3n sonora, entendida como la pr\u00e1ctica individual o colectiva de crear sonido mediante diversas t\u00e9cnicas ancestrales o modernas, con fines musicales, medicinales, activistas o rituales.<\/p>\n<p>El ciclo ofrece un recorrido por los saberes sonoros del pueblo kurripaco en la Guain\u00eda colombiana, por el rap originario emberakat\u00edo, en Bogot\u00e1, Colombia, por la dimensi\u00f3n sonora de la medicina comca&#8217;ac en Punta Chueca, Sonora y por la experimentaci\u00f3n sonora de artistas contempor\u00e1neos mayas y zoques en Chiapas, M\u00e9xico.<\/p>\n<p>Episodio 1: viernes 1 de octubre 19:00 hs [MX, COL]<br \/>\nEpisodio 2: viernes 8 de octubre 19:00 hs [MX, COL]<br \/>\nEpisodio 3: viernes 15 de octubre 19:00 hs [MX, COL]<br \/>\nEpisodio 4: viernes 22 de octubre 19:00 hs [MX, COL]<\/p>\n<p>Links de transmisi\u00f3n.<br \/>\n<a href=\"https:\/\/lt.mydplr.com\/f9da5c1c7e7a8bf7d8a607e4ca9afba9-81868bec073b3970fa62af291f12b42d\" target=\"_blank\" rel=\"noopener\" data-saferedirecturl=\"https:\/\/www.google.com\/url?hl=es&amp;q=https:\/\/lt.mydplr.com\/f9da5c1c7e7a8bf7d8a607e4ca9afba9-81868bec073b3970fa62af291f12b42d&amp;source=gmail&amp;ust=1634822534800000&amp;usg=AFQjCNEfoFDWlOJxnJVdw9mJSDt6HvfloQ\">Facebook.com<\/a><br \/>\n<a href=\"https:\/\/lt.mydplr.com\/fce60ab388ec6732837fcb0b655119f8-81868bec073b3970fa62af291f12b42d\" target=\"_blank\" rel=\"noopener\" data-saferedirecturl=\"https:\/\/www.google.com\/url?hl=es&amp;q=https:\/\/lt.mydplr.com\/fce60ab388ec6732837fcb0b655119f8-81868bec073b3970fa62af291f12b42d&amp;source=gmail&amp;ust=1634822534800000&amp;usg=AFQjCNEELmD-sniEAQTHAlqXxRO5V7bx0Q\">Facebook.com<\/a><br \/>\n<a href=\"https:\/\/lt.mydplr.com\/827136dceccdf3f3cef85a1154d9de21-81868bec073b3970fa62af291f12b42d\" target=\"_blank\" rel=\"noopener\" data-saferedirecturl=\"https:\/\/www.google.com\/url?hl=es&amp;q=https:\/\/lt.mydplr.com\/827136dceccdf3f3cef85a1154d9de21-81868bec073b3970fa62af291f12b42d&amp;source=gmail&amp;ust=1634822534800000&amp;usg=AFQjCNFpa5eIDZK8hmPsL5ixIs-LSK6Lsg\">youtube.com<\/a><br \/>\nP\u00e1gina oficial:\u00a0<a href=\"https:\/\/lt.mydplr.com\/8d0418503f8e64ae349aa09e64eec3cb-81868bec073b3970fa62af291f12b42d\" target=\"_blank\" rel=\"noopener\" data-saferedirecturl=\"https:\/\/www.google.com\/url?hl=es&amp;q=https:\/\/lt.mydplr.com\/8d0418503f8e64ae349aa09e64eec3cb-81868bec073b3970fa62af291f12b42d&amp;source=gmail&amp;ust=1634822534800000&amp;usg=AFQjCNFWtMH81ASoVQ209StOSKo0b5sJWA\">www.huums.com<\/a><\/p>\n","protected":false},"excerpt":{"rendered":"<p>HUUMS! &#8211; Cronotop\u00edas Sonoras es un ciclo virtual de escucha e intercambio de saberes sobre m\u00fasica y sonoridad contempor\u00e1nea de los pueblos originarios. Es una iniciativa de difusi\u00f3n e investigaci\u00f3n sobre m\u00fasica popular contempor\u00e1nea, arte y experimentaci\u00f3n sonora desde una perspectiva transcultural, multiling\u00fce, transfronteriza, cr\u00edtica y colaborativa. A trav\u00e9s de una serie de cuatro episodios [&hellip;]<\/p>\n","protected":false},"author":1,"featured_media":10382,"comment_status":"closed","ping_status":"closed","sticky":false,"template":"","format":"standard","meta":{"footnotes":""},"categories":[53],"tags":[],"class_list":["post-10381","post","type-post","status-publish","format-standard","has-post-thumbnail","hentry","category-noticias-generales"],"lang":"es","translations":{"es":10381,"pt":10384},"pll_sync_post":[],"post_mailing_queue_ids":[],"_links":{"self":[{"href":"http:\/\/staging.ibermusicas.org\/index.php\/wp-json\/wp\/v2\/posts\/10381","targetHints":{"allow":["GET"]}}],"collection":[{"href":"http:\/\/staging.ibermusicas.org\/index.php\/wp-json\/wp\/v2\/posts"}],"about":[{"href":"http:\/\/staging.ibermusicas.org\/index.php\/wp-json\/wp\/v2\/types\/post"}],"author":[{"embeddable":true,"href":"http:\/\/staging.ibermusicas.org\/index.php\/wp-json\/wp\/v2\/users\/1"}],"replies":[{"embeddable":true,"href":"http:\/\/staging.ibermusicas.org\/index.php\/wp-json\/wp\/v2\/comments?post=10381"}],"version-history":[{"count":1,"href":"http:\/\/staging.ibermusicas.org\/index.php\/wp-json\/wp\/v2\/posts\/10381\/revisions"}],"predecessor-version":[{"id":10383,"href":"http:\/\/staging.ibermusicas.org\/index.php\/wp-json\/wp\/v2\/posts\/10381\/revisions\/10383"}],"wp:featuredmedia":[{"embeddable":true,"href":"http:\/\/staging.ibermusicas.org\/index.php\/wp-json\/wp\/v2\/media\/10382"}],"wp:attachment":[{"href":"http:\/\/staging.ibermusicas.org\/index.php\/wp-json\/wp\/v2\/media?parent=10381"}],"wp:term":[{"taxonomy":"category","embeddable":true,"href":"http:\/\/staging.ibermusicas.org\/index.php\/wp-json\/wp\/v2\/categories?post=10381"},{"taxonomy":"post_tag","embeddable":true,"href":"http:\/\/staging.ibermusicas.org\/index.php\/wp-json\/wp\/v2\/tags?post=10381"}],"curies":[{"name":"wp","href":"https:\/\/api.w.org\/{rel}","templated":true}]}}