{"id":10384,"date":"2021-10-20T13:50:48","date_gmt":"2021-10-20T13:50:48","guid":{"rendered":"http:\/\/staging.ibermusicas.org\/?p=10384"},"modified":"2021-11-01T19:00:46","modified_gmt":"2021-11-01T19:00:46","slug":"continua-do-mexico-e-da-colombia-huums-cronotopia-sonora-um-ciclo-de-escuta-e-troca-de-saberes-sobre-musica-e-sonoridade-dos-povos-originarios","status":"publish","type":"post","link":"http:\/\/staging.ibermusicas.org\/index.php\/continua-do-mexico-e-da-colombia-huums-cronotopia-sonora-um-ciclo-de-escuta-e-troca-de-saberes-sobre-musica-e-sonoridade-dos-povos-originarios\/","title":{"rendered":"Continua do M\u00e9xico e da Col\u00f4mbia HUUMS! Cronotop\u00eda Sonora, um ciclo de escuta e troca de saberes sobre m\u00fasica e sonoridade dos povos origin\u00e1rios"},"content":{"rendered":"<p>HUUMS! &#8211; Cronotop\u00edas Sonoras \u00e9 um ciclo virtual de escuta e troca de saberes sobre m\u00fasica e sonoridade contempor\u00e2nea dos povos origin\u00e1rios. \u00c9 uma iniciativa de difus\u00e3o e pesquisa sobre m\u00fasica popular contempor\u00e2nea, arte e experimenta\u00e7\u00e3o sonora de uma perspectiva transcultural, multilingue, transfronteiri\u00e7a, cr\u00edtica e colaborativa.<\/p>\n<p>Atrav\u00e9s de uma s\u00e9rie de quatro epis\u00f3dios em formato video-podcast, apresentam-se distintas experi\u00eancias de cria\u00e7\u00e3o sonora contempor\u00e2nea situadas em culturas ind\u00edgenas no M\u00e9xico e na Col\u00f4mbia. Artistas multidisciplinares, m\u00fasicos, rappers e sabedores tradicionais e comunit\u00e1rios constroem comunidade a partir de diferentes locais de resson\u00e2ncia atrav\u00e9s da produ\u00e7\u00e3o sonora, entendida como a pr\u00e1tica individual ou colectiva de criar som mediante diversas t\u00e9cnicas ancestrais ou modernas, com fins musicais, medicinais, activistas ou rituais.<\/p>\n<p>O ciclo oferece um percurso pelos saberes sonoros do povo kurripaco na Guania colombiana, pelo rap origin\u00e1rio embera kat\u00edo, em Bogot\u00e1, Col\u00f4mbia, pela dimens\u00e3o sonora da medicina comca&#8217;ac em Punta Chueca, Sonora e pela experimenta\u00e7\u00e3o sonora de artistas contempor\u00e2neos maias e zoques em Chiapas, M\u00e9xico.<\/p>\n<p>Epis\u00f3dio 1: sexta-feira 1 de outubro 19:00 hs [MX, COL]<br \/>\nEpis\u00f3dio 2: sexta-feira 8 de outubro 19:00 hs [MX, COL]<br \/>\nEpis\u00f3dio 3: sexta-feira 15 de outubro 19:00 hs [MX, COL]<br \/>\nEpis\u00f3dio 4: sexta-feira 22 de outubro 19:00 hs [MX, COL]<br \/>\nOs links de transmiss\u00e3o<br \/>\n<a href=\"https:\/\/lt.mydplr.com\/f9da5c1c7e7a8bf7d8a607e4ca9afba9-81868bec073b3970fa62af291f12b42d\" target=\"_blank\" rel=\"noopener\" data-saferedirecturl=\"https:\/\/www.google.com\/url?hl=es&amp;q=https:\/\/lt.mydplr.com\/f9da5c1c7e7a8bf7d8a607e4ca9afba9-81868bec073b3970fa62af291f12b42d&amp;source=gmail&amp;ust=1634822534800000&amp;usg=AFQjCNEfoFDWlOJxnJVdw9mJSDt6HvfloQ\">Facebook.com<\/a><br \/>\n<a href=\"https:\/\/lt.mydplr.com\/fce60ab388ec6732837fcb0b655119f8-81868bec073b3970fa62af291f12b42d\" target=\"_blank\" rel=\"noopener\" data-saferedirecturl=\"https:\/\/www.google.com\/url?hl=es&amp;q=https:\/\/lt.mydplr.com\/fce60ab388ec6732837fcb0b655119f8-81868bec073b3970fa62af291f12b42d&amp;source=gmail&amp;ust=1634822534800000&amp;usg=AFQjCNEELmD-sniEAQTHAlqXxRO5V7bx0Q\">Facebook.com<\/a><br \/>\n<a href=\"https:\/\/lt.mydplr.com\/827136dceccdf3f3cef85a1154d9de21-81868bec073b3970fa62af291f12b42d\" target=\"_blank\" rel=\"noopener\" data-saferedirecturl=\"https:\/\/www.google.com\/url?hl=es&amp;q=https:\/\/lt.mydplr.com\/827136dceccdf3f3cef85a1154d9de21-81868bec073b3970fa62af291f12b42d&amp;source=gmail&amp;ust=1634822534800000&amp;usg=AFQjCNFpa5eIDZK8hmPsL5ixIs-LSK6Lsg\">youtube.com<\/a><br \/>\nP\u00e1gina oficial:\u00a0<a href=\"https:\/\/lt.mydplr.com\/8d0418503f8e64ae349aa09e64eec3cb-81868bec073b3970fa62af291f12b42d\" target=\"_blank\" rel=\"noopener\" data-saferedirecturl=\"https:\/\/www.google.com\/url?hl=es&amp;q=https:\/\/lt.mydplr.com\/8d0418503f8e64ae349aa09e64eec3cb-81868bec073b3970fa62af291f12b42d&amp;source=gmail&amp;ust=1634822534800000&amp;usg=AFQjCNFWtMH81ASoVQ209StOSKo0b5sJWA\">www.huums.com<\/a><\/p>\n","protected":false},"excerpt":{"rendered":"<p>HUUMS! &#8211; Cronotop\u00edas Sonoras \u00e9 um ciclo virtual de escuta e troca de saberes sobre m\u00fasica e sonoridade contempor\u00e2nea dos povos origin\u00e1rios. \u00c9 uma iniciativa de difus\u00e3o e pesquisa sobre m\u00fasica popular contempor\u00e2nea, arte e experimenta\u00e7\u00e3o sonora de uma perspectiva transcultural, multilingue, transfronteiri\u00e7a, cr\u00edtica e colaborativa. Atrav\u00e9s de uma s\u00e9rie de quatro epis\u00f3dios em formato [&hellip;]<\/p>\n","protected":false},"author":1,"featured_media":10382,"comment_status":"closed","ping_status":"closed","sticky":false,"template":"","format":"standard","meta":{"footnotes":""},"categories":[218],"tags":[],"class_list":["post-10384","post","type-post","status-publish","format-standard","has-post-thumbnail","hentry","category-noticias-generales-pt"],"lang":"pt","translations":{"pt":10384,"es":10381},"pll_sync_post":[],"post_mailing_queue_ids":[],"_links":{"self":[{"href":"http:\/\/staging.ibermusicas.org\/index.php\/wp-json\/wp\/v2\/posts\/10384","targetHints":{"allow":["GET"]}}],"collection":[{"href":"http:\/\/staging.ibermusicas.org\/index.php\/wp-json\/wp\/v2\/posts"}],"about":[{"href":"http:\/\/staging.ibermusicas.org\/index.php\/wp-json\/wp\/v2\/types\/post"}],"author":[{"embeddable":true,"href":"http:\/\/staging.ibermusicas.org\/index.php\/wp-json\/wp\/v2\/users\/1"}],"replies":[{"embeddable":true,"href":"http:\/\/staging.ibermusicas.org\/index.php\/wp-json\/wp\/v2\/comments?post=10384"}],"version-history":[{"count":1,"href":"http:\/\/staging.ibermusicas.org\/index.php\/wp-json\/wp\/v2\/posts\/10384\/revisions"}],"predecessor-version":[{"id":10385,"href":"http:\/\/staging.ibermusicas.org\/index.php\/wp-json\/wp\/v2\/posts\/10384\/revisions\/10385"}],"wp:featuredmedia":[{"embeddable":true,"href":"http:\/\/staging.ibermusicas.org\/index.php\/wp-json\/wp\/v2\/media\/10382"}],"wp:attachment":[{"href":"http:\/\/staging.ibermusicas.org\/index.php\/wp-json\/wp\/v2\/media?parent=10384"}],"wp:term":[{"taxonomy":"category","embeddable":true,"href":"http:\/\/staging.ibermusicas.org\/index.php\/wp-json\/wp\/v2\/categories?post=10384"},{"taxonomy":"post_tag","embeddable":true,"href":"http:\/\/staging.ibermusicas.org\/index.php\/wp-json\/wp\/v2\/tags?post=10384"}],"curies":[{"name":"wp","href":"https:\/\/api.w.org\/{rel}","templated":true}]}}