{"id":10386,"date":"2021-10-20T13:55:54","date_gmt":"2021-10-20T13:55:54","guid":{"rendered":"http:\/\/staging.ibermusicas.org\/?p=10386"},"modified":"2021-11-01T18:56:54","modified_gmt":"2021-11-01T18:56:54","slug":"un-concierto-de-la-agrupacion-brasilena-barbatuques-sera-el-numero-de-cierre-del-tercer-encuentro-de-musica-corporal-de-uruguay","status":"publish","type":"post","link":"http:\/\/staging.ibermusicas.org\/index.php\/un-concierto-de-la-agrupacion-brasilena-barbatuques-sera-el-numero-de-cierre-del-tercer-encuentro-de-musica-corporal-de-uruguay\/","title":{"rendered":"Un concierto de la agrupaci\u00f3n brasile\u00f1a Barbatuques ser\u00e1 el n\u00famero de cierre del Tercer Encuentro de M\u00fasica Corporal de Uruguay"},"content":{"rendered":"<p>Fundado en 1995, el grupo musical paulistano Barbatuques desarroll\u00f3 a lo largo de su trayectoria un abordaje \u00fanico de la m\u00fasica corporal a trav\u00e9s de sus composiciones, t\u00e9cnicas, exploraci\u00f3n de timbres y procedimientos creativos. A partir de investigaciones y creaciones de Fernando Barba y tambi\u00e9n de su contacto con el m\u00fasico St\u00eanioMendes, Barbatuques dio origen a diferentes t\u00e9cnicas de percusi\u00f3n corporal, percusi\u00f3n vocal, tap e improvisaci\u00f3n musical, desarrolladas en sus experiencias colectivas y sumadas al bagajepersonal de sus integrantes.<\/p>\n<p>Con actividades presenciales y virtuales el colectivo BANDE \u00b7 M\u00fasica Corporal organiza el 3er Encuentro de M\u00fasica Corporal de Uruguay.<\/p>\n<p>El Encuentro de M\u00fasica Corporal surgi\u00f3 en 2017 con el objetivo de generar espacios de intercambio, talleres y espect\u00e1culos en torno a la m\u00fasica y percusi\u00f3n corporal entendiendo a la m\u00fasica corporal como parte de un movimiento, en el que se reflexiona sobre el cuerpo, la m\u00fasica, el arte. El encuentro pretende ser un espacio que abra las puertas a la creatividad utilizando la m\u00fasica corporal como recurso did\u00e1ctico y de expresi\u00f3n.<\/p>\n<p>S\u00e1bado 30 de octubre de 20:30 hs.<br \/>\n<a href=\"https:\/\/lt.mydplr.com\/b1b3abca39375642189c3a17d72b3b18-81868bec073b3970fa62af291f12b42d\" target=\"_blank\" rel=\"noopener\" data-saferedirecturl=\"https:\/\/www.google.com\/url?hl=es&amp;q=https:\/\/lt.mydplr.com\/b1b3abca39375642189c3a17d72b3b18-81868bec073b3970fa62af291f12b42d&amp;source=gmail&amp;ust=1634822534800000&amp;usg=AFQjCNGKhV0ia7XES_nmcS3hv-M9UCq39g\">youtube.com<\/a><\/p>\n","protected":false},"excerpt":{"rendered":"<p>Fundado en 1995, el grupo musical paulistano Barbatuques desarroll\u00f3 a lo largo de su trayectoria un abordaje \u00fanico de la m\u00fasica corporal a trav\u00e9s de sus composiciones, t\u00e9cnicas, exploraci\u00f3n de timbres y procedimientos creativos. A partir de investigaciones y creaciones de Fernando Barba y tambi\u00e9n de su contacto con el m\u00fasico St\u00eanioMendes, Barbatuques dio origen [&hellip;]<\/p>\n","protected":false},"author":1,"featured_media":10387,"comment_status":"closed","ping_status":"closed","sticky":false,"template":"","format":"standard","meta":{"footnotes":""},"categories":[53],"tags":[],"class_list":["post-10386","post","type-post","status-publish","format-standard","has-post-thumbnail","hentry","category-noticias-generales"],"lang":"es","translations":{"es":10386,"pt":10389},"pll_sync_post":[],"post_mailing_queue_ids":[],"_links":{"self":[{"href":"http:\/\/staging.ibermusicas.org\/index.php\/wp-json\/wp\/v2\/posts\/10386","targetHints":{"allow":["GET"]}}],"collection":[{"href":"http:\/\/staging.ibermusicas.org\/index.php\/wp-json\/wp\/v2\/posts"}],"about":[{"href":"http:\/\/staging.ibermusicas.org\/index.php\/wp-json\/wp\/v2\/types\/post"}],"author":[{"embeddable":true,"href":"http:\/\/staging.ibermusicas.org\/index.php\/wp-json\/wp\/v2\/users\/1"}],"replies":[{"embeddable":true,"href":"http:\/\/staging.ibermusicas.org\/index.php\/wp-json\/wp\/v2\/comments?post=10386"}],"version-history":[{"count":1,"href":"http:\/\/staging.ibermusicas.org\/index.php\/wp-json\/wp\/v2\/posts\/10386\/revisions"}],"predecessor-version":[{"id":10388,"href":"http:\/\/staging.ibermusicas.org\/index.php\/wp-json\/wp\/v2\/posts\/10386\/revisions\/10388"}],"wp:featuredmedia":[{"embeddable":true,"href":"http:\/\/staging.ibermusicas.org\/index.php\/wp-json\/wp\/v2\/media\/10387"}],"wp:attachment":[{"href":"http:\/\/staging.ibermusicas.org\/index.php\/wp-json\/wp\/v2\/media?parent=10386"}],"wp:term":[{"taxonomy":"category","embeddable":true,"href":"http:\/\/staging.ibermusicas.org\/index.php\/wp-json\/wp\/v2\/categories?post=10386"},{"taxonomy":"post_tag","embeddable":true,"href":"http:\/\/staging.ibermusicas.org\/index.php\/wp-json\/wp\/v2\/tags?post=10386"}],"curies":[{"name":"wp","href":"https:\/\/api.w.org\/{rel}","templated":true}]}}