{"id":10394,"date":"2021-10-20T14:37:58","date_gmt":"2021-10-20T14:37:58","guid":{"rendered":"http:\/\/staging.ibermusicas.org\/?p=10394"},"modified":"2021-10-20T14:37:58","modified_gmt":"2021-10-20T14:37:58","slug":"a-cantora-e-compositora-colombiana-urpi-barco-se-apresentara-no-bolivia-festijazz-internaiconal","status":"publish","type":"post","link":"http:\/\/staging.ibermusicas.org\/index.php\/a-cantora-e-compositora-colombiana-urpi-barco-se-apresentara-no-bolivia-festijazz-internaiconal\/","title":{"rendered":"A cantora e compositora colombiana Urpi Barco se apresentar\u00e1 no Bolivia Festijazz Internaiconal"},"content":{"rendered":"<p>Urpi, que em qu\u00e9chua significa \u00abpomba\u00bb \u00e9 hoje uma das cantoras e compositoras mais reconhecidas no campo das novas m\u00fasicas colombianas e do jazz latino-americano. Com mais de 20 anos de experi\u00eancia no cen\u00e1rio, conta com 3 produ\u00e7\u00f5es musicais como solista e mais de 8 produ\u00e7\u00f5es com diferentes agrupamentos colombianos.<\/p>\n<p>Urpi Barco interessou-se pela interpreta\u00e7\u00e3o, pesquisa e compila\u00e7\u00e3o do repert\u00f3rio das costas colombianas principalmente, encontrando nestas sonoridades o pilar para seu projeto criativo que mistura elementos do jazz, as m\u00fasicas do mundo e a explora\u00e7\u00e3o vocal.<\/p>\n<p>Urpi Barco apresenta em 2021 seu novo projeto em dueto intitulado \u00abPalpitar\u00bb com um repert\u00f3rio que re\u00fane can\u00e7\u00f5es de autores latino-americanos e composi\u00e7\u00f5es pr\u00f3prias criadas em meio ao confinamento. Em formato de baixo, voz, loops e efeitos sonoros o disco foi gravado e produzido na Espanha e conta com a participa\u00e7\u00e3o especial do guitarrista Dani P\u00e9rez e a cantora Lara Bello, m\u00fasicos amplamente reconhecidos na cena do jazz internacional. \u00abPalpitar\u00bb representa a calma em meio a uma situa\u00e7\u00e3o dif\u00edcil e convida a reconectar-se, a sentir-se e a escutar um pouco mais o cora\u00e7\u00e3o para saber aonde ir.<\/p>\n<p>Sexta-feira 15 de outubro: concerto virtual no Bolivia Festijazz Internacional.<br \/>\nLink de transmiss\u00e3o:\u00a0<a href=\"https:\/\/lt.mydplr.com\/14f223c9ccbf42a26d89ac3d8d2ad032-81868bec073b3970fa62af291f12b42d\" target=\"_blank\" rel=\"noopener\" data-saferedirecturl=\"https:\/\/www.google.com\/url?hl=es&amp;q=https:\/\/lt.mydplr.com\/14f223c9ccbf42a26d89ac3d8d2ad032-81868bec073b3970fa62af291f12b42d&amp;source=gmail&amp;ust=1634822534800000&amp;usg=AFQjCNG8AzvmHL9gE6TdSCQ8zCB5DThrqA\">facebook.com<\/a><\/p>\n<p>S\u00e1bado 23 e domingo 24 de outubro, 9:00 hs. (hora da Col\u00f4mbia): Oficina de canto e improvisa\u00e7\u00e3o em ritmos colombianos. Oficina virtual por plataforma zoom.<br \/>\nInscri\u00e7\u00f5es:\u00a0<a href=\"mailto:urpibar@gmail.com\" target=\"_blank\" rel=\"noopener\">urpibar@gmail.com<\/a><\/p>\n","protected":false},"excerpt":{"rendered":"<p>Urpi, que em qu\u00e9chua significa \u00abpomba\u00bb \u00e9 hoje uma das cantoras e compositoras mais reconhecidas no campo das novas m\u00fasicas colombianas e do jazz latino-americano. Com mais de 20 anos de experi\u00eancia no cen\u00e1rio, conta com 3 produ\u00e7\u00f5es musicais como solista e mais de 8 produ\u00e7\u00f5es com diferentes agrupamentos colombianos. Urpi Barco interessou-se pela interpreta\u00e7\u00e3o, [&hellip;]<\/p>\n","protected":false},"author":1,"featured_media":10392,"comment_status":"closed","ping_status":"closed","sticky":false,"template":"","format":"standard","meta":{"footnotes":""},"categories":[218],"tags":[],"class_list":["post-10394","post","type-post","status-publish","format-standard","has-post-thumbnail","hentry","category-noticias-generales-pt"],"lang":"pt","translations":{"pt":10394,"es":10391},"pll_sync_post":[],"post_mailing_queue_ids":[],"_links":{"self":[{"href":"http:\/\/staging.ibermusicas.org\/index.php\/wp-json\/wp\/v2\/posts\/10394","targetHints":{"allow":["GET"]}}],"collection":[{"href":"http:\/\/staging.ibermusicas.org\/index.php\/wp-json\/wp\/v2\/posts"}],"about":[{"href":"http:\/\/staging.ibermusicas.org\/index.php\/wp-json\/wp\/v2\/types\/post"}],"author":[{"embeddable":true,"href":"http:\/\/staging.ibermusicas.org\/index.php\/wp-json\/wp\/v2\/users\/1"}],"replies":[{"embeddable":true,"href":"http:\/\/staging.ibermusicas.org\/index.php\/wp-json\/wp\/v2\/comments?post=10394"}],"version-history":[{"count":1,"href":"http:\/\/staging.ibermusicas.org\/index.php\/wp-json\/wp\/v2\/posts\/10394\/revisions"}],"predecessor-version":[{"id":10395,"href":"http:\/\/staging.ibermusicas.org\/index.php\/wp-json\/wp\/v2\/posts\/10394\/revisions\/10395"}],"wp:featuredmedia":[{"embeddable":true,"href":"http:\/\/staging.ibermusicas.org\/index.php\/wp-json\/wp\/v2\/media\/10392"}],"wp:attachment":[{"href":"http:\/\/staging.ibermusicas.org\/index.php\/wp-json\/wp\/v2\/media?parent=10394"}],"wp:term":[{"taxonomy":"category","embeddable":true,"href":"http:\/\/staging.ibermusicas.org\/index.php\/wp-json\/wp\/v2\/categories?post=10394"},{"taxonomy":"post_tag","embeddable":true,"href":"http:\/\/staging.ibermusicas.org\/index.php\/wp-json\/wp\/v2\/tags?post=10394"}],"curies":[{"name":"wp","href":"https:\/\/api.w.org\/{rel}","templated":true}]}}