{"id":10406,"date":"2021-10-21T18:43:24","date_gmt":"2021-10-21T18:43:24","guid":{"rendered":"http:\/\/staging.ibermusicas.org\/?p=10406"},"modified":"2021-11-01T18:56:43","modified_gmt":"2021-11-01T18:56:43","slug":"el-musico-argentino-gonzalo-aloras-estrenara-en-el-museo-tamayo-de-mexico-las-canciones-creadas-durante-su-residencia-compositiva","status":"publish","type":"post","link":"http:\/\/staging.ibermusicas.org\/index.php\/el-musico-argentino-gonzalo-aloras-estrenara-en-el-museo-tamayo-de-mexico-las-canciones-creadas-durante-su-residencia-compositiva\/","title":{"rendered":"El m\u00fasico argentino Gonzalo Aloras estrenar\u00e1 en el Museo Tamayo de M\u00e9xico las canciones creadas durante su residencia compositiva"},"content":{"rendered":"<p>En un concierto ac\u00fastico se presentar\u00e1n las canciones realizadas en el contexto del proyecto de residencia de creaci\u00f3n virtual de Iberm\u00fasicas, una obra de 8 piezas originales, con elementos tradicionales de la canci\u00f3n popular latinoamericana, compuestas en el estilo de Gonzalo Aloras. Sumado a ese repertorio, Aloras interpretar\u00e1 alguna de sus versiones de autores tradicionales mexicanos que resuenan con su b\u00fasqueda, tales como Armando Manzanero, Agust\u00edn Lara, Abelardo Pulido, Patricio Hidalgo, Ely Guerra, La Barranca, Caifanes, Silvestre Revueltas, entre otros.<\/p>\n<p>Gonzalo Aloras, se\u00f1alado en innumerables oportunidades por Luis Alberto Spinetta, Fito P\u00e1ez, LittoNebbia, entre otros referentes de la m\u00fasica argentina, como el compositor continuador de la tradici\u00f3n estil\u00edstica nacional. Valorado y respetado en el mundo del rock nacional y latinoamericano, por su obra no solo como solista, sino en su rol de gestor cultural y productor independiente, apoyando con su trabajo y producciones a las nuevas generaciones de m\u00fasicos como a Juan Ingaramo, Francisca y los exploradores, Udted Se\u00f1\u00e1lemelo, Bandalos Chinos, El Kuelgue, Intr\u00e9pidos Navegantes, Jamani, etc. Aloras ha tocado, grabado y producido junto a Charly Garc\u00eda, Spinetta, LittoNebbia, Fito P\u00e1ez, Moura, Juanse, Lito Vitale, Rodolfo Garc\u00eda, Ricardo Soul\u00e9, Gustavo Cerati, Ricardo Mollo, Ciro Fogliata, Guillermo Vadal\u00e1, Javier Malosetti, Grace Cosceri, Claudio Cardone, Lito Vitale, y una interminable lista de m\u00fasicos<\/p>\n<p>Recital en el Museo Tamayo, 40 Aniversario<br \/>\nMi\u00e9rcoles 27 de octubre, 19:00 hs. (MX) y 21:00 hs (AR)<br \/>\n<a href=\"https:\/\/lt.mydplr.com\/6e6f23d805fbb7d4c3b1eff31f01148f-81868bec073b3970fa62af291f12b42d\" target=\"_blank\" rel=\"noopener\" data-saferedirecturl=\"https:\/\/www.google.com\/url?hl=es&amp;q=https:\/\/lt.mydplr.com\/6e6f23d805fbb7d4c3b1eff31f01148f-81868bec073b3970fa62af291f12b42d&amp;source=gmail&amp;ust=1634927820149000&amp;usg=AFQjCNFjTWPOADMf8zO-OBmhtaCNzGwhtg\">youtube.com<\/a><br \/>\n<a href=\"https:\/\/lt.mydplr.com\/6c4ed340e38196cf1d3bbfd7b3b161db-81868bec073b3970fa62af291f12b42d\" target=\"_blank\" rel=\"noopener\" data-saferedirecturl=\"https:\/\/www.google.com\/url?hl=es&amp;q=https:\/\/lt.mydplr.com\/6c4ed340e38196cf1d3bbfd7b3b161db-81868bec073b3970fa62af291f12b42d&amp;source=gmail&amp;ust=1634927820149000&amp;usg=AFQjCNHAgDXVJ21wwTm4viIjdFKMAhGtFQ\">Facebook.com<\/a><\/p>\n","protected":false},"excerpt":{"rendered":"<p>En un concierto ac\u00fastico se presentar\u00e1n las canciones realizadas en el contexto del proyecto de residencia de creaci\u00f3n virtual de Iberm\u00fasicas, una obra de 8 piezas originales, con elementos tradicionales de la canci\u00f3n popular latinoamericana, compuestas en el estilo de Gonzalo Aloras. Sumado a ese repertorio, Aloras interpretar\u00e1 alguna de sus versiones de autores tradicionales [&hellip;]<\/p>\n","protected":false},"author":1,"featured_media":10407,"comment_status":"closed","ping_status":"closed","sticky":false,"template":"","format":"standard","meta":{"footnotes":""},"categories":[53],"tags":[],"class_list":["post-10406","post","type-post","status-publish","format-standard","has-post-thumbnail","hentry","category-noticias-generales"],"lang":"es","translations":{"es":10406,"pt":10409},"pll_sync_post":[],"post_mailing_queue_ids":[],"_links":{"self":[{"href":"http:\/\/staging.ibermusicas.org\/index.php\/wp-json\/wp\/v2\/posts\/10406","targetHints":{"allow":["GET"]}}],"collection":[{"href":"http:\/\/staging.ibermusicas.org\/index.php\/wp-json\/wp\/v2\/posts"}],"about":[{"href":"http:\/\/staging.ibermusicas.org\/index.php\/wp-json\/wp\/v2\/types\/post"}],"author":[{"embeddable":true,"href":"http:\/\/staging.ibermusicas.org\/index.php\/wp-json\/wp\/v2\/users\/1"}],"replies":[{"embeddable":true,"href":"http:\/\/staging.ibermusicas.org\/index.php\/wp-json\/wp\/v2\/comments?post=10406"}],"version-history":[{"count":1,"href":"http:\/\/staging.ibermusicas.org\/index.php\/wp-json\/wp\/v2\/posts\/10406\/revisions"}],"predecessor-version":[{"id":10408,"href":"http:\/\/staging.ibermusicas.org\/index.php\/wp-json\/wp\/v2\/posts\/10406\/revisions\/10408"}],"wp:featuredmedia":[{"embeddable":true,"href":"http:\/\/staging.ibermusicas.org\/index.php\/wp-json\/wp\/v2\/media\/10407"}],"wp:attachment":[{"href":"http:\/\/staging.ibermusicas.org\/index.php\/wp-json\/wp\/v2\/media?parent=10406"}],"wp:term":[{"taxonomy":"category","embeddable":true,"href":"http:\/\/staging.ibermusicas.org\/index.php\/wp-json\/wp\/v2\/categories?post=10406"},{"taxonomy":"post_tag","embeddable":true,"href":"http:\/\/staging.ibermusicas.org\/index.php\/wp-json\/wp\/v2\/tags?post=10406"}],"curies":[{"name":"wp","href":"https:\/\/api.w.org\/{rel}","templated":true}]}}