{"id":10414,"date":"2021-10-21T18:58:15","date_gmt":"2021-10-21T18:58:15","guid":{"rendered":"http:\/\/staging.ibermusicas.org\/?p=10414"},"modified":"2021-11-01T18:59:48","modified_gmt":"2021-11-01T18:59:48","slug":"a-ascendente-artistas-peruana-lorena-blume-empreendera-uma-serie-de-apresentacoes-no-mexico","status":"publish","type":"post","link":"http:\/\/staging.ibermusicas.org\/index.php\/a-ascendente-artistas-peruana-lorena-blume-empreendera-uma-serie-de-apresentacoes-no-mexico\/","title":{"rendered":"A ascendente artistas peruana Lorena Blume empreender\u00e1 uma s\u00e9rie de apresenta\u00e7\u00f5es no M\u00e9xico"},"content":{"rendered":"<p>Uma das jovens artistas peruanas mais not\u00e1veis dos \u00faltimos anos. Cantora e compositora. Lorena Blume come\u00e7ou sua carreira em p\u00fablico com o \u00e1lbum \u00abCuchara Chueca\u00bb, , lan\u00e7ado em 2018, produzido por Matias Cella, que re\u00fane suas primeiras composi\u00e7\u00f5es ao longo de seis anos. Em 2020, ele lan\u00e7ou \u00abCalz\u00f3n\u00bb, um single que quebrou a est\u00e9tica do \u00e1lbum de estr\u00e9ia, com um som fresco que usa elementos eletro pop. Tamb\u00e9m em 2020 lan\u00e7ou os seus simples \u00abJ\u00e1 nos comemos\u00bb e \u00abRapaz\u00bb.<\/p>\n<p>Este ano, 2021, come\u00e7ou com muita for\u00e7a com seu simples \u00abMailof\u00bb, que a levou a ser representante do Peru na campanha Spotity Equal. Encontra-se no processo de produ\u00e7\u00e3o de tr\u00eas novos singles e de um \u00e1lbum com quinze can\u00e7\u00f5es. Estes trabalhos ser\u00e3o lan\u00e7ados at\u00e9 ao final de 2021.<\/p>\n<p>Sexta-feira 15 de outubro Showcase FIMPRO<br \/>\nSexta-feira, 22 de outubro Freims<br \/>\nS\u00e1bado, 23 de Outubro Terra\u00e7o<\/p>\n","protected":false},"excerpt":{"rendered":"<p>Uma das jovens artistas peruanas mais not\u00e1veis dos \u00faltimos anos. Cantora e compositora. Lorena Blume come\u00e7ou sua carreira em p\u00fablico com o \u00e1lbum \u00abCuchara Chueca\u00bb, , lan\u00e7ado em 2018, produzido por Matias Cella, que re\u00fane suas primeiras composi\u00e7\u00f5es ao longo de seis anos. Em 2020, ele lan\u00e7ou \u00abCalz\u00f3n\u00bb, um single que quebrou a est\u00e9tica do [&hellip;]<\/p>\n","protected":false},"author":1,"featured_media":10412,"comment_status":"closed","ping_status":"closed","sticky":false,"template":"","format":"standard","meta":{"footnotes":""},"categories":[218],"tags":[],"class_list":["post-10414","post","type-post","status-publish","format-standard","has-post-thumbnail","hentry","category-noticias-generales-pt"],"lang":"pt","translations":{"pt":10414,"es":10411},"pll_sync_post":[],"post_mailing_queue_ids":[],"_links":{"self":[{"href":"http:\/\/staging.ibermusicas.org\/index.php\/wp-json\/wp\/v2\/posts\/10414","targetHints":{"allow":["GET"]}}],"collection":[{"href":"http:\/\/staging.ibermusicas.org\/index.php\/wp-json\/wp\/v2\/posts"}],"about":[{"href":"http:\/\/staging.ibermusicas.org\/index.php\/wp-json\/wp\/v2\/types\/post"}],"author":[{"embeddable":true,"href":"http:\/\/staging.ibermusicas.org\/index.php\/wp-json\/wp\/v2\/users\/1"}],"replies":[{"embeddable":true,"href":"http:\/\/staging.ibermusicas.org\/index.php\/wp-json\/wp\/v2\/comments?post=10414"}],"version-history":[{"count":1,"href":"http:\/\/staging.ibermusicas.org\/index.php\/wp-json\/wp\/v2\/posts\/10414\/revisions"}],"predecessor-version":[{"id":10415,"href":"http:\/\/staging.ibermusicas.org\/index.php\/wp-json\/wp\/v2\/posts\/10414\/revisions\/10415"}],"wp:featuredmedia":[{"embeddable":true,"href":"http:\/\/staging.ibermusicas.org\/index.php\/wp-json\/wp\/v2\/media\/10412"}],"wp:attachment":[{"href":"http:\/\/staging.ibermusicas.org\/index.php\/wp-json\/wp\/v2\/media?parent=10414"}],"wp:term":[{"taxonomy":"category","embeddable":true,"href":"http:\/\/staging.ibermusicas.org\/index.php\/wp-json\/wp\/v2\/categories?post=10414"},{"taxonomy":"post_tag","embeddable":true,"href":"http:\/\/staging.ibermusicas.org\/index.php\/wp-json\/wp\/v2\/tags?post=10414"}],"curies":[{"name":"wp","href":"https:\/\/api.w.org\/{rel}","templated":true}]}}