{"id":10493,"date":"2021-11-02T16:45:47","date_gmt":"2021-11-02T16:45:47","guid":{"rendered":"http:\/\/staging.ibermusicas.org\/?p=10493"},"modified":"2021-12-03T19:18:02","modified_gmt":"2021-12-03T19:18:02","slug":"o-pianista-equatoriano-alejandro-rosero-apresenta-seu-projeto-abya-yala-realizado-com-musicos-argentinos","status":"publish","type":"post","link":"http:\/\/staging.ibermusicas.org\/index.php\/o-pianista-equatoriano-alejandro-rosero-apresenta-seu-projeto-abya-yala-realizado-com-musicos-argentinos\/","title":{"rendered":"O pianista equatoriano Alejandro Rosero apresenta seu projeto \u00abAbya Yala\u00bb realizado com m\u00fasicos argentinos"},"content":{"rendered":"<p>Alejandro Rosero \u00e9 um pianista, compositor e diretor musical equatoriano. \u00c9 um m\u00fasico ativo da cena de Jazz na Argentina, tem colaborado com reconhecidos artistas da cena local e internacional como: Gary Smulyan, Maxwell Acree, Barbie Martinez, Leonel de Francisco, Carlos Lastra, Rosa Nolly, em diversos agrupamentos, ensambles e orquestras, entre as quais cabe mencionar a \u00abManuel de Falla Big Band\u00bb, \u00abKaiser Big Band\u00bb, \u00abThe Swingsters Big Band\u00bb, entre outras. Estudou piano cl\u00e1ssico no Conservat\u00f3rio Franz Liszt de Quito-Equador, em 2012 mudou-se para Buenos Aires para continuar sua forma\u00e7\u00e3o em piano e composi\u00e7\u00e3o. Entre seus mestres se destacam os pianistas: Ernesto Jodos, Andr\u00e9s Beeuwsaert, Juan Carlos \u00abMono\u00bb Fontana e o compositor Diego Taranto. Em 2017 ingressou na Carreira Superior de Jazz no Conservat\u00f3rio Superior Manuel de Falla e simultaneamente gravou seu primeiro EP com o Projeto \u00abChali Project\u00bb. Em 2018 foi selecionado como pianista da Big Band do Conservat\u00f3rio Manuel de Falla e participou do Festival Internacional de Jazz de Bs As. Em 2019 desempenhou o posto de pianista para as orquestras da Companhia Internacional Royal Caribbean e, no in\u00edcio de 2020, recebeu o cargo de Diretor Musical.<\/p>\n<p>Abya Yala \u00e9 um \u00e1lbum com seis temas in\u00e9ditos compostos por Alejandro Rosero, que contou com a participa\u00e7\u00e3o de destacados m\u00fasicos da cena de jazz argentino como Tomas Babjaczuk em bateria, Leonel Cejas em contrabaixo, Juan Cruz de Urquiza no trompete e o saxofonista brasileiro Gabriel Stern. Abya Yala mergulha nas ra\u00edzes da m\u00fasica afrodescendente em conjunto com a tradi\u00e7\u00e3o jazz\u00edstica da d\u00e9cada de 70, o uso de elementos r\u00edtmicos e formais da m\u00fasica africana e a improvisa\u00e7\u00e3o.<\/p>\n<p>S\u00e3o parte de Abya Yala: Tomas Babjaczuk, Baterista, Argentina; Leonel Cejas, Contrabaixista, Argentina; Gabriel Stern, saxofonista, flautista e compositor, Brasil; Juan Cruz de Urquiza, Trompetista, compositor e arranjador, Argentina.<\/p>\n<p><a href=\"https:\/\/lt.mydplr.com\/dbf5ea0bad8264937472c31b51db673a-81868bec073b3970fa62af291f12b42d\" target=\"_blank\" rel=\"noopener\" data-saferedirecturl=\"https:\/\/www.google.com\/url?q=https:\/\/lt.mydplr.com\/dbf5ea0bad8264937472c31b51db673a-81868bec073b3970fa62af291f12b42d&amp;source=gmail&amp;ust=1635957758030000&amp;usg=AFQjCNGxuMcCU9SBXAzuZIRpjqA8CQo0ug\">youtube.com<\/a><\/p>\n","protected":false},"excerpt":{"rendered":"<p>Alejandro Rosero \u00e9 um pianista, compositor e diretor musical equatoriano. \u00c9 um m\u00fasico ativo da cena de Jazz na Argentina, tem colaborado com reconhecidos artistas da cena local e internacional como: Gary Smulyan, Maxwell Acree, Barbie Martinez, Leonel de Francisco, Carlos Lastra, Rosa Nolly, em diversos agrupamentos, ensambles e orquestras, entre as quais cabe mencionar [&hellip;]<\/p>\n","protected":false},"author":1,"featured_media":10491,"comment_status":"closed","ping_status":"closed","sticky":false,"template":"","format":"standard","meta":{"footnotes":""},"categories":[218],"tags":[],"class_list":["post-10493","post","type-post","status-publish","format-standard","has-post-thumbnail","hentry","category-noticias-generales-pt"],"lang":"pt","translations":{"pt":10493,"es":10490},"pll_sync_post":[],"post_mailing_queue_ids":[],"_links":{"self":[{"href":"http:\/\/staging.ibermusicas.org\/index.php\/wp-json\/wp\/v2\/posts\/10493","targetHints":{"allow":["GET"]}}],"collection":[{"href":"http:\/\/staging.ibermusicas.org\/index.php\/wp-json\/wp\/v2\/posts"}],"about":[{"href":"http:\/\/staging.ibermusicas.org\/index.php\/wp-json\/wp\/v2\/types\/post"}],"author":[{"embeddable":true,"href":"http:\/\/staging.ibermusicas.org\/index.php\/wp-json\/wp\/v2\/users\/1"}],"replies":[{"embeddable":true,"href":"http:\/\/staging.ibermusicas.org\/index.php\/wp-json\/wp\/v2\/comments?post=10493"}],"version-history":[{"count":1,"href":"http:\/\/staging.ibermusicas.org\/index.php\/wp-json\/wp\/v2\/posts\/10493\/revisions"}],"predecessor-version":[{"id":10494,"href":"http:\/\/staging.ibermusicas.org\/index.php\/wp-json\/wp\/v2\/posts\/10493\/revisions\/10494"}],"wp:featuredmedia":[{"embeddable":true,"href":"http:\/\/staging.ibermusicas.org\/index.php\/wp-json\/wp\/v2\/media\/10491"}],"wp:attachment":[{"href":"http:\/\/staging.ibermusicas.org\/index.php\/wp-json\/wp\/v2\/media?parent=10493"}],"wp:term":[{"taxonomy":"category","embeddable":true,"href":"http:\/\/staging.ibermusicas.org\/index.php\/wp-json\/wp\/v2\/categories?post=10493"},{"taxonomy":"post_tag","embeddable":true,"href":"http:\/\/staging.ibermusicas.org\/index.php\/wp-json\/wp\/v2\/tags?post=10493"}],"curies":[{"name":"wp","href":"https:\/\/api.w.org\/{rel}","templated":true}]}}