{"id":10495,"date":"2021-11-02T16:48:14","date_gmt":"2021-11-02T16:48:14","guid":{"rendered":"http:\/\/staging.ibermusicas.org\/?p=10495"},"modified":"2021-12-03T19:14:07","modified_gmt":"2021-12-03T19:14:07","slug":"el-terceto-del-sur-se-presentara-en-colombia-en-la-sexta-edicion-del-festival-internacional-de-orquestas-de-guitarras","status":"publish","type":"post","link":"http:\/\/staging.ibermusicas.org\/index.php\/el-terceto-del-sur-se-presentara-en-colombia-en-la-sexta-edicion-del-festival-internacional-de-orquestas-de-guitarras\/","title":{"rendered":"El Terceto del Sur se presentar\u00e1 en Colombia en la sexta edici\u00f3n del Festival Internacional de Orquestas de Guitarras"},"content":{"rendered":"<p>El Terceto del Sur surge en el a\u00f1o 2018. Est\u00e1 integrado por los guitarristas Carlos Iv\u00e1n Reyes, Paul Ca\u00f1edo y Antonio Solano. El Terceto se ha dedicado a rescatar y crear los arreglos para la agrupaci\u00f3n, as\u00ed como abordar nuevo repertorio original. Sus integrantes tienen m\u00e1s de 6 a\u00f1os de experiencia en la m\u00fasica de c\u00e1mara para ensamble de guitarras. Han ganado el Primer Lugar en el concurso de M\u00fasica de C\u00e1mara Naolinco 2019, Primer Lugar en el 10 Concurso Nacional de M\u00fasica de C\u00e1mara Ollin Yoliztli 2018, as\u00ed como Menci\u00f3n Honor\u00edfica del mismo concurso en 2013 a la mejor interpretaci\u00f3n de m\u00fasica mexicana, 3er Lugar en el Concurso de M\u00fasica de C\u00e1mara de la Escuela Superior de M\u00fasica 2019, adem\u00e1s destac\u00f3 dentro de los favoritos en el festival de m\u00fasica de c\u00e1mara de Aguascalientes 2018 y Menci\u00f3n Honor\u00edfica en el Primer Concurso Mexicano de M\u00fasica de C\u00e1mara 2019. Adem\u00e1s, los integrantes cuentan con el Primer Lugar en el concurso de m\u00fasica de c\u00e1mara del ex convento de San Francisco 2013, en Pachuca, Hidalgo, en el cual fueron galardonados con la presea \u201cGerardo Tamez\u201d; Segundo lugar en el concurso de ensambles del Festival Internacional de Guitarra de Taxco 2013.<\/p>\n<p>Su formaci\u00f3n estuvo a cargo del maestro, compositor, arreglista y guitarrista cubano Freddy P\u00e9rez quien consolid\u00f3 las bases del trabajo de ensamble. Posteriormente maestros como Om\u00e1n Kaminsky, C\u00e9sar Lara, Asako Arai, Wendy Holdaway, Ana Mar\u00eda Tradatti, el prestigioso Cuarteto Latinoamericano y el Cuarteto Jos\u00e9 White enriquecieron su formaci\u00f3n.<\/p>\n<p>Del 5 al 13 de noviembre en \u201cFestival Internacional de Orquestas de Guitarras FIOGUI\u201d. Cali. Quind\u00edo y Bogot\u00e1.<\/p>\n","protected":false},"excerpt":{"rendered":"<p>El Terceto del Sur surge en el a\u00f1o 2018. Est\u00e1 integrado por los guitarristas Carlos Iv\u00e1n Reyes, Paul Ca\u00f1edo y Antonio Solano. El Terceto se ha dedicado a rescatar y crear los arreglos para la agrupaci\u00f3n, as\u00ed como abordar nuevo repertorio original. Sus integrantes tienen m\u00e1s de 6 a\u00f1os de experiencia en la m\u00fasica de [&hellip;]<\/p>\n","protected":false},"author":1,"featured_media":10496,"comment_status":"closed","ping_status":"closed","sticky":false,"template":"","format":"standard","meta":{"footnotes":""},"categories":[53],"tags":[],"class_list":["post-10495","post","type-post","status-publish","format-standard","has-post-thumbnail","hentry","category-noticias-generales"],"lang":"es","translations":{"es":10495,"pt":10498},"pll_sync_post":[],"post_mailing_queue_ids":[],"_links":{"self":[{"href":"http:\/\/staging.ibermusicas.org\/index.php\/wp-json\/wp\/v2\/posts\/10495","targetHints":{"allow":["GET"]}}],"collection":[{"href":"http:\/\/staging.ibermusicas.org\/index.php\/wp-json\/wp\/v2\/posts"}],"about":[{"href":"http:\/\/staging.ibermusicas.org\/index.php\/wp-json\/wp\/v2\/types\/post"}],"author":[{"embeddable":true,"href":"http:\/\/staging.ibermusicas.org\/index.php\/wp-json\/wp\/v2\/users\/1"}],"replies":[{"embeddable":true,"href":"http:\/\/staging.ibermusicas.org\/index.php\/wp-json\/wp\/v2\/comments?post=10495"}],"version-history":[{"count":1,"href":"http:\/\/staging.ibermusicas.org\/index.php\/wp-json\/wp\/v2\/posts\/10495\/revisions"}],"predecessor-version":[{"id":10497,"href":"http:\/\/staging.ibermusicas.org\/index.php\/wp-json\/wp\/v2\/posts\/10495\/revisions\/10497"}],"wp:featuredmedia":[{"embeddable":true,"href":"http:\/\/staging.ibermusicas.org\/index.php\/wp-json\/wp\/v2\/media\/10496"}],"wp:attachment":[{"href":"http:\/\/staging.ibermusicas.org\/index.php\/wp-json\/wp\/v2\/media?parent=10495"}],"wp:term":[{"taxonomy":"category","embeddable":true,"href":"http:\/\/staging.ibermusicas.org\/index.php\/wp-json\/wp\/v2\/categories?post=10495"},{"taxonomy":"post_tag","embeddable":true,"href":"http:\/\/staging.ibermusicas.org\/index.php\/wp-json\/wp\/v2\/tags?post=10495"}],"curies":[{"name":"wp","href":"https:\/\/api.w.org\/{rel}","templated":true}]}}