{"id":10498,"date":"2021-11-02T16:49:37","date_gmt":"2021-11-02T16:49:37","guid":{"rendered":"http:\/\/staging.ibermusicas.org\/?p=10498"},"modified":"2021-12-03T19:17:45","modified_gmt":"2021-12-03T19:17:45","slug":"o-terceto-del-sur-sera-apresentado-na-colombia-na-sexta-edicao-do-festival-internacional-de-orquestras-de-guitarras","status":"publish","type":"post","link":"http:\/\/staging.ibermusicas.org\/index.php\/o-terceto-del-sur-sera-apresentado-na-colombia-na-sexta-edicao-do-festival-internacional-de-orquestras-de-guitarras\/","title":{"rendered":"O Terceto del Sur ser\u00e1 apresentado na Col\u00f4mbia na sexta edi\u00e7\u00e3o do Festival Internacional de Orquestras de Guitarras"},"content":{"rendered":"<p>O Terceto del Sur surge no ano 2018. Est\u00e1 integrado pelos guitarristas Carlos Iv\u00e1n Reyes, Paul Ca\u00f1edo e Antonio Solano. O Terceto se dedicou a resgatar e criar os arranjos para o agrupamento, bem como abordar novo repert\u00f3rio original. Seus integrantes t\u00eam mais de 6 anos de experi\u00eancia na m\u00fasica de c\u00e2mara para ensamble de guitarras. Eles ganharam o Primeiro Lugar no Concurso de M\u00fasica de C\u00e2mara Naolinco 2019, Primeiro Lugar no 10 Concurso Nacional de M\u00fasica de C\u00e2mara Ollin Yoliztli 2018, bem como Men\u00e7\u00e3o Honrosa do mesmo concurso em 2013 para a melhor interpreta\u00e7\u00e3o de m\u00fasica mexicana, 3\u00ba Lugar no Concurso de M\u00fasica de C\u00e2mara da Escola Superior de M\u00fasica 2019, al\u00e9m disso destacou-se dentro dos favoritos no festival de m\u00fasica de c\u00e2mara de Aguascalientes 2018 e Men\u00e7\u00e3o Honor\u00edfica no Primeiro Concurso Mexicano de M\u00fasica de C\u00e2mara 2019. Al\u00e9m disso, os integrantes contam com o Primeiro Lugar no concurso de m\u00fasica de c\u00e2mara do ex-convento de S\u00e3o Francisco 2013, em Pachuca, Hidalgo, no qual foram premiados com a pr\u00e9-sele\u00e7\u00e3o \u00abGerardo Tamez\u00bb; Segundo lugar no concurso de ensambles do Festival Internacional de Guitarra de Taxco 2013.<\/p>\n<p>Sua forma\u00e7\u00e3o esteve a cargo do mestre, compositor, arranjador e guitarrista cubano Freddy P\u00e9rez que consolidou as bases do trabalho do ensamble. Posteriormente mestres como Om\u00e1n Kaminsky, C\u00e9sar Lara, Asako Arai, Wendy Holdaway, Ana Mar\u00eda Tradatti, o prestigioso Quarteto Latino-americano e o Quarteto Jos\u00e9 White enriqueceram sua forma\u00e7\u00e3o.<\/p>\n<p>De 5 a 13 de novembro no \u00abFestival Internacional de Orquestras de Guitarras FIOGUI\u00bb. Cali. Quind\u00edo e Bogot\u00e1.<\/p>\n","protected":false},"excerpt":{"rendered":"<p>O Terceto del Sur surge no ano 2018. Est\u00e1 integrado pelos guitarristas Carlos Iv\u00e1n Reyes, Paul Ca\u00f1edo e Antonio Solano. O Terceto se dedicou a resgatar e criar os arranjos para o agrupamento, bem como abordar novo repert\u00f3rio original. Seus integrantes t\u00eam mais de 6 anos de experi\u00eancia na m\u00fasica de c\u00e2mara para ensamble de [&hellip;]<\/p>\n","protected":false},"author":1,"featured_media":10496,"comment_status":"closed","ping_status":"closed","sticky":false,"template":"","format":"standard","meta":{"footnotes":""},"categories":[218],"tags":[],"class_list":["post-10498","post","type-post","status-publish","format-standard","has-post-thumbnail","hentry","category-noticias-generales-pt"],"lang":"pt","translations":{"pt":10498,"es":10495},"pll_sync_post":[],"post_mailing_queue_ids":[],"_links":{"self":[{"href":"http:\/\/staging.ibermusicas.org\/index.php\/wp-json\/wp\/v2\/posts\/10498","targetHints":{"allow":["GET"]}}],"collection":[{"href":"http:\/\/staging.ibermusicas.org\/index.php\/wp-json\/wp\/v2\/posts"}],"about":[{"href":"http:\/\/staging.ibermusicas.org\/index.php\/wp-json\/wp\/v2\/types\/post"}],"author":[{"embeddable":true,"href":"http:\/\/staging.ibermusicas.org\/index.php\/wp-json\/wp\/v2\/users\/1"}],"replies":[{"embeddable":true,"href":"http:\/\/staging.ibermusicas.org\/index.php\/wp-json\/wp\/v2\/comments?post=10498"}],"version-history":[{"count":2,"href":"http:\/\/staging.ibermusicas.org\/index.php\/wp-json\/wp\/v2\/posts\/10498\/revisions"}],"predecessor-version":[{"id":10500,"href":"http:\/\/staging.ibermusicas.org\/index.php\/wp-json\/wp\/v2\/posts\/10498\/revisions\/10500"}],"wp:featuredmedia":[{"embeddable":true,"href":"http:\/\/staging.ibermusicas.org\/index.php\/wp-json\/wp\/v2\/media\/10496"}],"wp:attachment":[{"href":"http:\/\/staging.ibermusicas.org\/index.php\/wp-json\/wp\/v2\/media?parent=10498"}],"wp:term":[{"taxonomy":"category","embeddable":true,"href":"http:\/\/staging.ibermusicas.org\/index.php\/wp-json\/wp\/v2\/categories?post=10498"},{"taxonomy":"post_tag","embeddable":true,"href":"http:\/\/staging.ibermusicas.org\/index.php\/wp-json\/wp\/v2\/tags?post=10498"}],"curies":[{"name":"wp","href":"https:\/\/api.w.org\/{rel}","templated":true}]}}